{"id":1635,"date":"2022-07-14T08:57:27","date_gmt":"2022-07-14T08:57:27","guid":{"rendered":"https:\/vectoritzacio-de-la-curcumina\/"},"modified":"2025-08-27T12:58:30","modified_gmt":"2025-08-27T12:58:30","slug":"vectoritzacio-de-la-curcumina","status":"publish","type":"post","link":"https:\/\/tech-complex.com\/ca\/vectoritzacio-de-la-curcumina\/","title":{"rendered":"VECTORITZACI\u00d3 DE LA CURCUMINA"},"content":{"rendered":"<div data-breakout=\"normal\">\n<p id=\"viewer-foo\" class=\"Is4xI aaZkV MqvCC QMtOy\" dir=\"auto\"><span class=\"vsfWl MqvCC\">La curcumina \u00e9s un dels principis actius presents a l&#8217;arrel de la c\u00farcuma ( <em>Curcuma longa<\/em> ) i amb interessants propietats biol\u00f2giques: antioxidants, antiinflamat\u00f2ries, hepatoprotectores i estimulants del sistema immune.<\/span><\/p>\n<\/div>\n<div data-hook=\"rcv-block2\">A causa d&#8217;aquestes propietats, es tracta d&#8217;un actiu d&#8217;inter\u00e8s per a la suplementaci\u00f3 nutricional dels animals d&#8217;abastament.<\/div>\n<div data-hook=\"rcv-block3\"><\/div>\n<div data-breakout=\"normal\">\n<div id=\"viewer-951i8\" class=\"Is4xI aaZkV MqvCC QMtOy\" dir=\"auto\">\n<div data-breakout=\"normal\">\n<h2 id=\"viewer-d125j\" class=\"Is4xI aaZkV MqvCC QMtOy\" dir=\"auto\"><span class=\"vsfWl MqvCC\">Per qu\u00e8 utilitzar la curcumina als animals de producci\u00f3?<\/span><\/h2>\n<\/div>\n<div data-hook=\"rcv-block8\">Al llarg del cicle productiu es produeixen situacions inevitables d&#8217;estr\u00e8s oxidatiu, inflamaci\u00f3,&#8230; Aquests fen\u00f2mens limiten considerablement el benestar i el rendiment dels animals. <\/div>\n<div data-hook=\"rcv-block9\"><\/div>\n<div data-breakout=\"normal\">\n<div id=\"viewer-clbcr\" class=\"Is4xI aaZkV MqvCC QMtOy\" dir=\"auto\">La suplementaci\u00f3 amb derivats de la c\u00farcuma \u00e9s una estrat\u00e8gia interessant per refor\u00e7ar l&#8217;estatus oxidatiu \u2013 antiinflamatori dels animals.<\/div>\n<\/div>\n<div data-hook=\"rcv-block11\"><\/div>\n<div data-breakout=\"normal\">\n<div id=\"viewer-4k9tb\" class=\"Is4xI aaZkV MqvCC QMtOy\" dir=\"auto\">A m\u00e9s de les propietats antioxidants i antiinflamat\u00f2ries sist\u00e8miques, un exemple dels principals efectes de la suplementaci\u00f3 oral amb curcumina \u00e9s la <strong>modulaci\u00f3 de la barrera intestinal.<\/strong><\/div>\n<\/div>\n<div data-hook=\"rcv-block13\"><\/div>\n<div data-breakout=\"normal\">\n<div id=\"viewer-d4gs6\" class=\"Is4xI aaZkV MqvCC QMtOy\" dir=\"auto\">Aquests efectes sobre la modulaci\u00f3 de la barrera intestinal inclouen:<\/div>\n<\/div>\n<div data-breakout=\"normal\">\n<ol class=\"n8bau rIsue\">\n<li class=\"B229E\" dir=\"auto\" aria-level=\"1\">\n<p id=\"viewer-ck5p0\" class=\"Is4xI aaZkV MqvCC QMtOy\" dir=\"\"><span class=\"vsfWl MqvCC\"><strong>Augment de la fosfatasa alcalina luminal<\/strong> (IAP) que desfosforila l&#8217;endotoxina bacteriana lipopolisac\u00e0rid (LPS) per desintoxicar-la. L&#8217;administraci\u00f3 oral de curcumina va duplicar l&#8217;activitat de la IAP i va atenuar els nivells de LPS circulants, cosa que demostra l&#8217;efecte directe de la curcumina en la modulaci\u00f3 d&#8217;aquesta primera capa de la barrera intestinal (i de modulaci\u00f3 de malalties inflamat\u00f2ries cr\u00f2niques). <\/span><\/p>\n<\/li>\n<li class=\"B229E\" dir=\"auto\" aria-level=\"1\">\n<p id=\"viewer-c051r\" class=\"Is4xI aaZkV MqvCC QMtOy\" dir=\"\"><span class=\"vsfWl MqvCC\"><strong>Augment de la integritat de la capa de moc<\/strong> que proporciona una barrera f\u00edsica que impedeix les interaccions entre els bacteris de l&#8217;intest\u00ed i les c\u00e8l\u00b7lules epitelials intestinals.<\/span><\/p>\n<\/li>\n<li class=\"B229E\" dir=\"auto\" aria-level=\"1\">\n<p id=\"viewer-1jtsg\" class=\"Is4xI aaZkV MqvCC QMtOy\" dir=\"\"><span class=\"vsfWl MqvCC\"><strong>Refor\u00e7 de les unions estretes<\/strong> entre les c\u00e8l\u00b7lules epitelials que limiten el transport paracel\u00b7lular de bacteris i\/o productes bacterians a la circulaci\u00f3 sist\u00e8mica. Diversos estudis han demostrat que l&#8217;exposici\u00f3 a la curcumina va augmentar l&#8217;expressi\u00f3 de ZO-1 (zonulina) i Claudina-1 a les c\u00e8l\u00b7lules Caco-2 de l&#8217;epiteli intestinal hum\u00e0, millorant aix\u00ed la funci\u00f3 de barrera i reduint la permeabilitat paracel\u00b7lular. Amb relaci\u00f3 a les vies de senyalitzaci\u00f3 implicades, la curcumina disminueix l&#8217;activaci\u00f3 de la p38 MAPK, implicada en la fosforilaci\u00f3 de les prote\u00efnes de la uni\u00f3 estreta, cosa que provocava la desorganitzaci\u00f3 de la disposici\u00f3 normal. La curcumina tamb\u00e9 va reduir l&#8217;endotoxina bacteriana (LPS) o la citoquina inflamat\u00f2ria (IL-1\u03b2) indu\u00efda per la desorganitzaci\u00f3 de ZO-1, claudina-1 i claudina-7, aix\u00ed com dels filaments d&#8217;actina a les c\u00e8l\u00b7lules epitelials intestinals, cosa que va conduir a l&#8217;atenuaci\u00f3 del transport paracel\u00b7la.   <\/span><\/p>\n<\/li>\n<li class=\"B229E\" dir=\"auto\" aria-level=\"1\">\n<p id=\"viewer-duodo\" class=\"Is4xI aaZkV MqvCC QMtOy\" dir=\"\"><span class=\"vsfWl MqvCC\"><strong>Estimulaci\u00f3 de la secreci\u00f3 de prote\u00efnes antibacterianes<\/strong> per les c\u00e8l\u00b7lules epitelials intestinals. La curcumina incrementa la secreci\u00f3 daquests p\u00e8ptids antibacterians. <\/span><\/p>\n<\/li>\n<\/ol>\n<div id=\"attachment_555\" style=\"width: 410px\" class=\"wp-caption aligncenter\"><img loading=\"lazy\" decoding=\"async\" aria-describedby=\"caption-attachment-555\" class=\"size-full wp-image-555\" src=\"https:\/\/tech-complex.com\/wp-content\/uploads\/2024\/12\/62e293_bb562356f0a943ff893492727143fd5fmv2.jpg\" alt=\"\" width=\"400\" height=\"444\" srcset=\"https:\/\/tech-complex.com\/wp-content\/uploads\/2024\/12\/62e293_bb562356f0a943ff893492727143fd5fmv2.jpg 400w, https:\/\/tech-complex.com\/wp-content\/uploads\/2024\/12\/62e293_bb562356f0a943ff893492727143fd5fmv2-270x300.jpg 270w\" sizes=\"(max-width: 400px) 100vw, 400px\" \/><p id=\"caption-attachment-555\" class=\"wp-caption-text\">Les quatre capes de la barrera intestinal. (1) La fosfatasa alcalina intestinal (IAP) secretada per les c\u00e8l\u00b7lules epitelials intestinals constitueix la primera capa o la capa luminal i desintoxica el LPS; (2) La capa de mucina externa poc adherida i la capa de mucina interna fermament adherida formen la segona capa de la barrera i participen en la restricci\u00f3 de l&#8217;entrada de bacteris pat\u00f2gens, impedint aix\u00ed el contacte directe dels bacteris amb les c\u00e8l\u00b7lules epitelials intestinals; (3) Les c\u00e8l\u00b7lules epitelials intestinals amb unions estretes regulen el transport transcel\u00b7lular o paracel\u00b7lular des del lumen fins a la circulaci\u00f3 sist\u00e8mica (4) Les c\u00e8l\u00b7lules de Paneth situades a les criptes produeixen prote\u00efnes antibacterianes que bloquegen qualsevol bacteri que hagi penetrat a les capes superposades de la barrera.<\/p><\/div>\n<\/div>\n<\/div>\n<div data-breakout=\"normal\">\n<p id=\"viewer-891l7\" class=\"Is4xI aaZkV rIsue QMtOy\" dir=\"auto\"><span class=\"vsfWl\">Aquests mecanismes contribueixen a disminuir la inflamaci\u00f3 sist\u00e8mica a l&#8217;organisme de l&#8217;animal.<\/span><\/p>\n<div id=\"attachment_557\" style=\"width: 680px\" class=\"wp-caption aligncenter\"><img loading=\"lazy\" decoding=\"async\" aria-describedby=\"caption-attachment-557\" class=\"size-full wp-image-557\" src=\"https:\/\/tech-complex.com\/wp-content\/uploads\/2024\/12\/62e293_20b1ee2221f6408aa4fe07ad3391618amv2.jpg\" alt=\"\" width=\"670\" height=\"531\" srcset=\"https:\/\/tech-complex.com\/wp-content\/uploads\/2024\/12\/62e293_20b1ee2221f6408aa4fe07ad3391618amv2.jpg 670w, https:\/\/tech-complex.com\/wp-content\/uploads\/2024\/12\/62e293_20b1ee2221f6408aa4fe07ad3391618amv2-480x380.jpg 480w\" sizes=\"(min-width: 0px) and (max-width: 480px) 480px, (min-width: 481px) 670px, 100vw\" \/><p id=\"caption-attachment-557\" class=\"wp-caption-text\">Mecanisme(s) d&#8217;acci\u00f3 de la curcumina als nivells sist\u00e8mics de LPS. La suplementaci\u00f3 oral amb curcumina augmenta l&#8217;activitat de la fosfatasa alcalina intestinal (IAP) i potencia la desactivaci\u00f3 luminal del LPS. El LPS desfosforat actua com a antagonista del TLR4, reduint encara m\u00e9s la interacci\u00f3 LPS-TLR4 i la senyalitzaci\u00f3 descendent, cosa que resulta en una menor secreci\u00f3 de la citoquina proinflamat\u00f2ria IL-1\u03b2. Com a resultat, s&#8217;atenua l&#8217;activaci\u00f3 de MAPK intervinguda per LPS o IL-1\u03b2 i la fosforilaci\u00f3 subseg\u00fcent i expressi\u00f3 de les prote\u00efnes de la uni\u00f3 estreta. Aquests efectes moduladors de la curcumina impedeixen l&#8217;alteraci\u00f3 de l&#8217;organitzaci\u00f3 de la uni\u00f3 estreta i disminueixen l&#8217;augment de la permeabilitat paracel\u00b7lular intervingut pel LPS. A m\u00e9s, la curcumina \u00e9s absorbida per les c\u00e8l\u00b7lules epitelials intestinals i, a trav\u00e9s de la uni\u00f3 al receptor de la vitamina D, inicia esdeveniments de senyalitzaci\u00f3 intracel\u00b7lular que condueixen a un augment de l&#8217;expressi\u00f3 de les prote\u00efnes de la uni\u00f3 estreta que redueixen la permeabilitat paracel\u00b7lular. El LPS luminal tamb\u00e9 es transloca unit als quilomicrons i la curcumina disminueix l&#8217;absorci\u00f3 de colesterol en reduir l&#8217;expressi\u00f3 del transportador apical de colesterol NPC1L1, cosa que resulta en una secreci\u00f3 atenuada de quilomicrons. Aquesta via pot representar un altre mecanisme pel qual la curcumina pot disminuir els nivells sist\u00e8mics de LPS.<br \/> Tots els esdeveniments regulats negativament o positivament per la curcumina s&#8217;indiquen amb el signe &#8220;-&#8221; o &#8220;+&#8221; als cercles verds, respectivament.<\/p><\/div>\n<\/div>\n<\/div>\n<div data-breakout=\"normal\">\n<h2 id=\"viewer-fa27o\" class=\"Is4xI aaZkV MqvCC QMtOy\" dir=\"auto\"><span class=\"vsfWl MqvCC\">Biodisponibilitat de la curcumina<\/span><\/h2>\n<\/div>\n<div data-hook=\"rcv-block26\">Tot i aix\u00f2, la curcumina \u00e9s una mol\u00e8cula molt fr\u00e0gil, de gran inestabilitat qu\u00edmica (sensible a les altes temperatures ia la llum; sensible als radicals lliures ia l&#8217;oxidaci\u00f3) i insoluble en aigua que determinen una baixa biodisponibilitat. A causa d&#8217;aquestes caracter\u00edstiques, la major part de la curcumina que \u00e9s ingerida passa al llarg del tracte gastrointestinal i s&#8217;excreta a trav\u00e9s de la femta sense canvis. <\/div>\n<div data-hook=\"rcv-block26\"><\/div>\n<div data-hook=\"rcv-block26\">Per aix\u00f2 s&#8217;han desenvolupat diferents estrat\u00e8gies per aconseguir incrementar la biodisponibilitat de la curcumina: l&#8217;administraci\u00f3 juntament amb bioperina (extracte de pebre negre), que augmenta la seva absorci\u00f3 intestinal, per\u00f2 pot modificar la permeabilitat intestinal i resultar irritant per l&#8217;intest\u00ed, o el desenvolupament de nano emulsions i fosfol\u00edpids orci\u00f3.<\/div>\n<div data-hook=\"rcv-block26\"><\/div>\n<div data-hook=\"rcv-block26\">Per tant, la principal difer\u00e8ncia entre els productes disponibles a base de curcumina \u00e9s la gal\u00e8nica desenvolupada per augmentar la seva biodisponibilitat a l&#8217;organisme animal.<\/div>\n<div data-hook=\"rcv-block31\"><\/div>\n<div data-breakout=\"normal\">\n<div id=\"viewer-c8oac\" class=\"Is4xI aaZkV MqvCC QMtOy\" dir=\"auto\"><strong>Vectoritzaci\u00f3 de la curcumina<\/strong><\/div>\n<\/div>\n<div data-hook=\"rcv-block34\">La vectoritzaci\u00f3 \u00e9s un proc\u00e9s desenvolupat per Phod\u00e9 amb l&#8217;objectiu que la curcumina arribi en quantitat suficient a l&#8217;intest\u00ed on \u00e9s absorbit, permetent reduir les taxes d&#8217;inclusi\u00f3 de l&#8217;actiu sense p\u00e8rdua d&#8217;efectivitat.<\/div>\n<div data-hook=\"rcv-block35\"><\/div>\n<div data-breakout=\"normal\">\n<div id=\"viewer-2t93h\" class=\"Is4xI aaZkV MqvCC QMtOy\" dir=\"auto\">Aquest proc\u00e9s es duu a terme mitjan\u00e7ant la uni\u00f3 de diferents mol\u00e8cules* a l&#8217;actiu curcumina, permetent-ne l&#8217;alliberament en el moment i el lloc on \u00e9s absorbida i permetent l&#8217;adaptaci\u00f3 d&#8217;aquest proc\u00e9s d&#8217;alliberament al tracte gastrointestinal de cada esp\u00e8cie, i hi ha dos models de vectoritzaci\u00f3: monog\u00e0strics i remugants.<\/div>\n<\/div>\n<div data-hook=\"rcv-block37\"><\/div>\n<div data-breakout=\"normal\">\n<div id=\"viewer-jceg\" class=\"Is4xI aaZkV MqvCC QMtOy\" dir=\"auto\">Aix\u00ed mateix, l&#8217;alliberament de l&#8217;actiu es duu a terme de manera gradual, evitant la saturaci\u00f3 dels llocs d&#8217;absorci\u00f3.<\/div>\n<\/div>\n<div data-hook=\"rcv-block39\"><em>*agent met\u00e0l\u00b7lic, poliol natural, agent de control de pH, surfactant vegetal i carrier mineral.<\/em><\/div>\n<div data-hook=\"rcv-block40\"><\/div>\n<div data-breakout=\"normal\">\n<div id=\"viewer-6cs6q\" class=\"Is4xI aaZkV MqvCC QMtOy\" dir=\"auto\">Aquesta tecnologia de protecci\u00f3 no incorpora greix (com altres tecnologies) per la qual cosa no requereix l&#8217;actuaci\u00f3 d&#8217;enzims end\u00f2gens per a l&#8217;alliberament de l&#8217;actiu (no dep\u00e8n de l&#8217;activitat de la lipasa per alliberar-la).<\/div>\n<\/div>\n<div data-hook=\"rcv-block42\"><\/div>\n<div data-breakout=\"normal\">\n<div id=\"viewer-a5kvk\" class=\"Is4xI aaZkV MqvCC QMtOy\" dir=\"auto\"><strong>Avaluaci\u00f3 de la biodisponibilitat curcumina<\/strong><\/div>\n<\/div>\n<div data-hook=\"rcv-block45\">La mesura directa de la pres\u00e8ncia de curcumina al torrent sanguini \u00e9s possible, per\u00f2, no \u00e9s una eina \u00fatil per avaluar la biodisponibilitat pel fet que la velocitat d&#8217;absorci\u00f3 en intest\u00ed \u00e9s variable i la vida mitjana de la curcumina en plasma \u00e9s molt curta, per la qual cosa s&#8217;obtenen una gran variabilitat de resultats que impedeixen fer comparatives.<\/div>\n<div data-breakout=\"normal\">\n<p id=\"viewer-7356a\" class=\"Is4xI aaZkV MqvCC QMtOy\" dir=\"auto\"><span class=\"vsfWl MqvCC\">\u00c9s per aix\u00f2 que es recorre a m\u00e8todes indirectes, mitjan\u00e7ant la determinaci\u00f3 de par\u00e0metres que caracteritzin l&#8217;efecte de la curcumina a l&#8217;organisme de l&#8217;animal:<\/span><\/p>\n<\/div>\n<div data-breakout=\"normal\">\n<ul class=\"QOI7n rIsue\">\n<li class=\"B229E\" dir=\"auto\" aria-level=\"1\">\n<p id=\"viewer-2jkc7\" class=\"Is4xI aaZkV MqvCC QMtOy\" dir=\"\"><span class=\"vsfWl MqvCC\">Mesura de la disminuci\u00f3 de la concentraci\u00f3 de radicals lliures en plasma.<\/span><\/p>\n<\/li>\n<li class=\"B229E\" dir=\"auto\" aria-level=\"1\">\n<p id=\"viewer-3rj84\" class=\"Is4xI aaZkV MqvCC QMtOy\" dir=\"\"><span class=\"vsfWl MqvCC\">Mesura de l&#8217;augment de l&#8217;activitat d&#8217;enzims antioxidants end\u00f2gens: SOD -Super\u00f2xid dismutasa-, CAT- Catalasa- i GPx: -Glutati\u00f3 Peroxidasa-<\/span><\/p>\n<\/li>\n<\/ul>\n<\/div>\n<div data-breakout=\"normal\">\n<p id=\"viewer-95ib7\" class=\"Is4xI aaZkV MqvCC QMtOy\" dir=\"auto\"><span class=\"vsfWl MqvCC\"><strong>Algunes aplicacions pr\u00e0ctiques de la curcumina vectoritzada<\/strong><\/span><\/p>\n<\/div>\n<div data-hook=\"rcv-block50\">L\u00b4\u00fas de la curcumina vectoritzada permet la suplementaci\u00f3 de curcumina amb una alta efectivitat amb baixes dosis d\u00b4inclusi\u00f3, establint una bona relaci\u00f3 cost efic\u00e0cia del producte.<\/div>\n<div data-hook=\"rcv-block51\"><\/div>\n<div data-breakout=\"normal\">\n<div id=\"viewer-7ti56\" class=\"Is4xI aaZkV MqvCC QMtOy\" dir=\"auto\">Suposa tamb\u00e9 un tractament de refor\u00e7 a altres estrat\u00e8gies.<\/div>\n<\/div>\n<div data-hook=\"rcv-block53\"><\/div>\n<div data-breakout=\"normal\">\n<div id=\"viewer-clpv0\" class=\"Is4xI aaZkV MqvCC QMtOy\" dir=\"auto\">Alguns exemples:<\/div>\n<\/div>\n<div data-breakout=\"normal\">\n<ul class=\"QOI7n rIsue\">\n<li class=\"B229E\" dir=\"auto\" aria-level=\"1\">\n<p id=\"viewer-6pv9k\" class=\"Is4xI aaZkV MqvCC QMtOy\" dir=\"\"><span class=\"vsfWl MqvCC\">Inflamaci\u00f3: En porc\u00ed, \u00fas en peripart en truges i en deslletament garrins (disminuci\u00f3 de la inflamaci\u00f3 i refor\u00e7 del sistema immune). Pollastres d&#8217;engreix durant tot el cicle productiu. <\/span><\/p>\n<\/li>\n<li class=\"B229E\" dir=\"auto\" aria-level=\"1\">\n<p id=\"viewer-333st\" class=\"Is4xI aaZkV MqvCC QMtOy\" dir=\"\"><span class=\"vsfWl MqvCC\">Per a lestimulaci\u00f3 del sistema immune: en avicultura de posada en programes de vacunaci\u00f3 molt intensius, allargar en el temps el cicle productiu de posada.<\/span><\/p>\n<\/li>\n<li class=\"B229E\" dir=\"auto\" aria-level=\"1\">\n<p id=\"viewer-9pkfj\" class=\"Is4xI aaZkV MqvCC QMtOy\" dir=\"\"><span class=\"vsfWl MqvCC\">Augment de l&#8217;estatus antioxidant de l&#8217;animal: estr\u00e8s per calor (augment de fen\u00f2mens oxidatius i inflamatoris), transicions aliment\u00e0ries.<\/span><\/p>\n<\/li>\n<li class=\"B229E\" dir=\"auto\" aria-level=\"1\">\n<p id=\"viewer-2hot1\" class=\"Is4xI aaZkV MqvCC QMtOy\" dir=\"\"><span class=\"vsfWl MqvCC\">A m\u00e9s, efecte hepatoprotector, en desafiaments per micotoxines.<\/span><\/p>\n<\/li>\n<li class=\"B229E\" dir=\"auto\" aria-level=\"1\">\n<p id=\"viewer-7i2dn\" class=\"Is4xI aaZkV MqvCC QMtOy\" dir=\"\"><span class=\"vsfWl MqvCC\">Bov\u00ed de llet en peripart (prevenci\u00f3 de retenci\u00f3 de placenta).<\/span><\/p>\n<\/li>\n<li class=\"B229E\" dir=\"auto\" aria-level=\"1\">\n<p id=\"viewer-4golg\" class=\"Is4xI aaZkV MqvCC QMtOy\" dir=\"\"><span class=\"vsfWl MqvCC\">A cavalls, sobretot esportius, per reduir la inflamaci\u00f3 i l&#8217;artritis en cavalls d&#8217;edat avan\u00e7ada.<\/span><\/p>\n<\/li>\n<li class=\"B229E\" dir=\"auto\" aria-level=\"1\">\n<p id=\"viewer-1d4a6\" class=\"Is4xI aaZkV MqvCC QMtOy\" dir=\"\"><span class=\"vsfWl MqvCC\">En gossos, efectes antiinflamatoris i antioxidants: alleugeriment de dolor, artritis i trastorns gastrointestinals.<\/span><\/p>\n<\/li>\n<\/ul>\n<\/div>\n<div data-hook=\"rcv-block56\"><\/div>\n<div data-breakout=\"normal\">\n<p id=\"viewer-cu45r\" class=\"Is4xI aaZkV MqvCC QMtOy\" dir=\"auto\"><span class=\"vsfWl MqvCC\">Bibliografia:<\/span><\/p>\n<\/div>\n<ul>\n<li data-hook=\"rcv-block57\"><em>Turmeric: qu\u00e8 s\u00f3n beneficis per als nostres animals?:<\/em> <a class=\"CUBeV _2xrqk\" href=\"https:\/\/livestock-world.com\/turmeric-spice-animal-husbandry\/\" target=\"_blank\" rel=\"noopener\" data-hook=\"WebLink\"><em><u>https:\/\/livestock-world.com\/turmeric-spice-animal-husbandry\/<\/u><\/em><\/a><\/li>\n<li data-breakout=\"normal\">\n<p id=\"viewer-aklmq\" class=\"Is4xI aaZkV MqvCC QMtOy\" dir=\"auto\"><span class=\"vsfWl MqvCC\"><em>Ghosh SS, He H, Wang J, Gehr TW, Ghosh s. Tissue Barriers. 2018;6(1):e1425085. doi:10.1080\/21688370.2018.1425085     <\/em><\/span><\/p>\n<\/li>\n<\/ul>\n","protected":false},"excerpt":{"rendered":"<p>La curcumina \u00e9s un dels principis actius presents a l&#8217;arrel de la c\u00farcuma ( Curcuma longa ) i amb interessants propietats biol\u00f2giques: antioxidants, antiinflamat\u00f2ries, hepatoprotectores i estimulants del sistema immune. A causa d&#8217;aquestes propietats, es tracta d&#8217;un actiu d&#8217;inter\u00e8s per a la suplementaci\u00f3 nutricional dels animals d&#8217;abastament. Per qu\u00e8 utilitzar la curcumina als animals de [&hellip;]<\/p>\n","protected":false},"author":2,"featured_media":560,"comment_status":"open","ping_status":"open","sticky":false,"template":"","format":"standard","meta":{"_et_pb_use_builder":"","_et_pb_old_content":"","_et_gb_content_width":"","footnotes":""},"categories":[166],"tags":[],"class_list":["post-1635","post","type-post","status-publish","format-standard","has-post-thumbnail","hentry","category-multiespecie-ca"],"yoast_head":"<!-- This site is optimized with the Yoast SEO plugin v27.4 - https:\/\/yoast.com\/product\/yoast-seo-wordpress\/ -->\n<title>VECTORITZACI\u00d3 DE LA CURCUMINA - TECH-COMPLEX<\/title>\n<meta name=\"robots\" content=\"index, follow, max-snippet:-1, max-image-preview:large, max-video-preview:-1\" \/>\n<link rel=\"canonical\" href=\"https:\/\/tech-complex.com\/ca\/vectoritzacio-de-la-curcumina\/\" \/>\n<meta property=\"og:locale\" content=\"ca_ES\" \/>\n<meta property=\"og:type\" content=\"article\" \/>\n<meta property=\"og:title\" content=\"VECTORITZACI\u00d3 DE LA CURCUMINA - TECH-COMPLEX\" \/>\n<meta property=\"og:description\" content=\"La curcumina \u00e9s un dels principis actius presents a l&#8217;arrel de la c\u00farcuma ( Curcuma longa ) i amb interessants propietats biol\u00f2giques: antioxidants, antiinflamat\u00f2ries, hepatoprotectores i estimulants del sistema immune. A causa d&#8217;aquestes propietats, es tracta d&#8217;un actiu d&#8217;inter\u00e8s per a la suplementaci\u00f3 nutricional dels animals d&#8217;abastament. Per qu\u00e8 utilitzar la curcumina als animals de [&hellip;]\" \/>\n<meta property=\"og:url\" content=\"https:\/\/tech-complex.com\/ca\/vectoritzacio-de-la-curcumina\/\" \/>\n<meta property=\"og:site_name\" content=\"TECH-COMPLEX\" \/>\n<meta property=\"article:published_time\" content=\"2022-07-14T08:57:27+00:00\" \/>\n<meta property=\"article:modified_time\" content=\"2025-08-27T12:58:30+00:00\" \/>\n<meta property=\"og:image\" content=\"https:\/\/tech-complex.com\/wp-content\/uploads\/2024\/12\/62e293_24f9e7bd428242d394689101cc4f1667mv2.webp\" \/>\n\t<meta property=\"og:image:width\" content=\"932\" \/>\n\t<meta property=\"og:image:height\" content=\"932\" \/>\n\t<meta property=\"og:image:type\" content=\"image\/webp\" \/>\n<meta name=\"author\" content=\"Cactus Seny Gr\u00e0fic\" \/>\n<meta name=\"twitter:card\" content=\"summary_large_image\" \/>\n<meta name=\"twitter:label1\" content=\"Escrit per\" \/>\n\t<meta name=\"twitter:data1\" content=\"Cactus Seny Gr\u00e0fic\" \/>\n\t<meta name=\"twitter:label2\" content=\"Temps estimat de lectura\" \/>\n\t<meta name=\"twitter:data2\" content=\"7 minuts\" \/>\n<script type=\"application\/ld+json\" class=\"yoast-schema-graph\">{\"@context\":\"https:\\\/\\\/schema.org\",\"@graph\":[{\"@type\":\"Article\",\"@id\":\"https:\\\/\\\/tech-complex.com\\\/ca\\\/vectoritzacio-de-la-curcumina\\\/#article\",\"isPartOf\":{\"@id\":\"https:\\\/\\\/tech-complex.com\\\/ca\\\/vectoritzacio-de-la-curcumina\\\/\"},\"author\":{\"name\":\"Cactus Seny Gr\u00e0fic\",\"@id\":\"https:\\\/\\\/www.tech-complex.com\\\/#\\\/schema\\\/person\\\/8fe237f4ff3461cad42abb1ea5369913\"},\"headline\":\"VECTORITZACI\u00d3 DE LA CURCUMINA\",\"datePublished\":\"2022-07-14T08:57:27+00:00\",\"dateModified\":\"2025-08-27T12:58:30+00:00\",\"mainEntityOfPage\":{\"@id\":\"https:\\\/\\\/tech-complex.com\\\/ca\\\/vectoritzacio-de-la-curcumina\\\/\"},\"wordCount\":1523,\"commentCount\":0,\"publisher\":{\"@id\":\"https:\\\/\\\/www.tech-complex.com\\\/#organization\"},\"image\":{\"@id\":\"https:\\\/\\\/tech-complex.com\\\/ca\\\/vectoritzacio-de-la-curcumina\\\/#primaryimage\"},\"thumbnailUrl\":\"https:\\\/\\\/tech-complex.com\\\/wp-content\\\/uploads\\\/2024\\\/12\\\/62e293_24f9e7bd428242d394689101cc4f1667mv2.webp\",\"articleSection\":[\"Multiespecie\"],\"inLanguage\":\"ca\",\"potentialAction\":[{\"@type\":\"CommentAction\",\"name\":\"Comment\",\"target\":[\"https:\\\/\\\/tech-complex.com\\\/ca\\\/vectoritzacio-de-la-curcumina\\\/#respond\"]}]},{\"@type\":\"WebPage\",\"@id\":\"https:\\\/\\\/tech-complex.com\\\/ca\\\/vectoritzacio-de-la-curcumina\\\/\",\"url\":\"https:\\\/\\\/tech-complex.com\\\/ca\\\/vectoritzacio-de-la-curcumina\\\/\",\"name\":\"VECTORITZACI\u00d3 DE LA CURCUMINA - TECH-COMPLEX\",\"isPartOf\":{\"@id\":\"https:\\\/\\\/www.tech-complex.com\\\/#website\"},\"primaryImageOfPage\":{\"@id\":\"https:\\\/\\\/tech-complex.com\\\/ca\\\/vectoritzacio-de-la-curcumina\\\/#primaryimage\"},\"image\":{\"@id\":\"https:\\\/\\\/tech-complex.com\\\/ca\\\/vectoritzacio-de-la-curcumina\\\/#primaryimage\"},\"thumbnailUrl\":\"https:\\\/\\\/tech-complex.com\\\/wp-content\\\/uploads\\\/2024\\\/12\\\/62e293_24f9e7bd428242d394689101cc4f1667mv2.webp\",\"datePublished\":\"2022-07-14T08:57:27+00:00\",\"dateModified\":\"2025-08-27T12:58:30+00:00\",\"breadcrumb\":{\"@id\":\"https:\\\/\\\/tech-complex.com\\\/ca\\\/vectoritzacio-de-la-curcumina\\\/#breadcrumb\"},\"inLanguage\":\"ca\",\"potentialAction\":[{\"@type\":\"ReadAction\",\"target\":[\"https:\\\/\\\/tech-complex.com\\\/ca\\\/vectoritzacio-de-la-curcumina\\\/\"]}]},{\"@type\":\"ImageObject\",\"inLanguage\":\"ca\",\"@id\":\"https:\\\/\\\/tech-complex.com\\\/ca\\\/vectoritzacio-de-la-curcumina\\\/#primaryimage\",\"url\":\"https:\\\/\\\/tech-complex.com\\\/wp-content\\\/uploads\\\/2024\\\/12\\\/62e293_24f9e7bd428242d394689101cc4f1667mv2.webp\",\"contentUrl\":\"https:\\\/\\\/tech-complex.com\\\/wp-content\\\/uploads\\\/2024\\\/12\\\/62e293_24f9e7bd428242d394689101cc4f1667mv2.webp\",\"width\":932,\"height\":932},{\"@type\":\"BreadcrumbList\",\"@id\":\"https:\\\/\\\/tech-complex.com\\\/ca\\\/vectoritzacio-de-la-curcumina\\\/#breadcrumb\",\"itemListElement\":[{\"@type\":\"ListItem\",\"position\":1,\"name\":\"Portada\",\"item\":\"https:\\\/\\\/tech-complex.com\\\/ca\\\/\"},{\"@type\":\"ListItem\",\"position\":2,\"name\":\"VECTORITZACI\u00d3 DE LA CURCUMINA\"}]},{\"@type\":\"WebSite\",\"@id\":\"https:\\\/\\\/www.tech-complex.com\\\/#website\",\"url\":\"https:\\\/\\\/www.tech-complex.com\\\/\",\"name\":\"TECH-COMPLEX\",\"description\":\"Soluciones nutricionales para el bienestar animal\",\"publisher\":{\"@id\":\"https:\\\/\\\/www.tech-complex.com\\\/#organization\"},\"potentialAction\":[{\"@type\":\"SearchAction\",\"target\":{\"@type\":\"EntryPoint\",\"urlTemplate\":\"https:\\\/\\\/www.tech-complex.com\\\/?s={search_term_string}\"},\"query-input\":{\"@type\":\"PropertyValueSpecification\",\"valueRequired\":true,\"valueName\":\"search_term_string\"}}],\"inLanguage\":\"ca\"},{\"@type\":\"Organization\",\"@id\":\"https:\\\/\\\/www.tech-complex.com\\\/#organization\",\"name\":\"TECH-COMPLEX\",\"url\":\"https:\\\/\\\/www.tech-complex.com\\\/\",\"logo\":{\"@type\":\"ImageObject\",\"inLanguage\":\"ca\",\"@id\":\"https:\\\/\\\/www.tech-complex.com\\\/#\\\/schema\\\/logo\\\/image\\\/\",\"url\":\"https:\\\/\\\/tech-complex.com\\\/wp-content\\\/uploads\\\/2024\\\/12\\\/Logo-TECHCOMPLEX-COLOR.png\",\"contentUrl\":\"https:\\\/\\\/tech-complex.com\\\/wp-content\\\/uploads\\\/2024\\\/12\\\/Logo-TECHCOMPLEX-COLOR.png\",\"width\":2560,\"height\":313,\"caption\":\"TECH-COMPLEX\"},\"image\":{\"@id\":\"https:\\\/\\\/www.tech-complex.com\\\/#\\\/schema\\\/logo\\\/image\\\/\"}},{\"@type\":\"Person\",\"@id\":\"https:\\\/\\\/www.tech-complex.com\\\/#\\\/schema\\\/person\\\/8fe237f4ff3461cad42abb1ea5369913\",\"name\":\"Cactus Seny Gr\u00e0fic\",\"image\":{\"@type\":\"ImageObject\",\"inLanguage\":\"ca\",\"@id\":\"https:\\\/\\\/secure.gravatar.com\\\/avatar\\\/bb454ee17ba8e47272d849674b566136b7ec16cd0105cc978af9d0592d1fb69a?s=96&d=mm&r=g\",\"url\":\"https:\\\/\\\/secure.gravatar.com\\\/avatar\\\/bb454ee17ba8e47272d849674b566136b7ec16cd0105cc978af9d0592d1fb69a?s=96&d=mm&r=g\",\"contentUrl\":\"https:\\\/\\\/secure.gravatar.com\\\/avatar\\\/bb454ee17ba8e47272d849674b566136b7ec16cd0105cc978af9d0592d1fb69a?s=96&d=mm&r=g\",\"caption\":\"Cactus Seny Gr\u00e0fic\"}}]}<\/script>\n<!-- \/ Yoast SEO plugin. -->","yoast_head_json":{"title":"VECTORITZACI\u00d3 DE LA CURCUMINA - TECH-COMPLEX","robots":{"index":"index","follow":"follow","max-snippet":"max-snippet:-1","max-image-preview":"max-image-preview:large","max-video-preview":"max-video-preview:-1"},"canonical":"https:\/\/tech-complex.com\/ca\/vectoritzacio-de-la-curcumina\/","og_locale":"ca_ES","og_type":"article","og_title":"VECTORITZACI\u00d3 DE LA CURCUMINA - TECH-COMPLEX","og_description":"La curcumina \u00e9s un dels principis actius presents a l&#8217;arrel de la c\u00farcuma ( Curcuma longa ) i amb interessants propietats biol\u00f2giques: antioxidants, antiinflamat\u00f2ries, hepatoprotectores i estimulants del sistema immune. A causa d&#8217;aquestes propietats, es tracta d&#8217;un actiu d&#8217;inter\u00e8s per a la suplementaci\u00f3 nutricional dels animals d&#8217;abastament. Per qu\u00e8 utilitzar la curcumina als animals de [&hellip;]","og_url":"https:\/\/tech-complex.com\/ca\/vectoritzacio-de-la-curcumina\/","og_site_name":"TECH-COMPLEX","article_published_time":"2022-07-14T08:57:27+00:00","article_modified_time":"2025-08-27T12:58:30+00:00","og_image":[{"width":932,"height":932,"url":"https:\/\/tech-complex.com\/wp-content\/uploads\/2024\/12\/62e293_24f9e7bd428242d394689101cc4f1667mv2.webp","type":"image\/webp"}],"author":"Cactus Seny Gr\u00e0fic","twitter_card":"summary_large_image","twitter_misc":{"Escrit per":"Cactus Seny Gr\u00e0fic","Temps estimat de lectura":"7 minuts"},"schema":{"@context":"https:\/\/schema.org","@graph":[{"@type":"Article","@id":"https:\/\/tech-complex.com\/ca\/vectoritzacio-de-la-curcumina\/#article","isPartOf":{"@id":"https:\/\/tech-complex.com\/ca\/vectoritzacio-de-la-curcumina\/"},"author":{"name":"Cactus Seny Gr\u00e0fic","@id":"https:\/\/www.tech-complex.com\/#\/schema\/person\/8fe237f4ff3461cad42abb1ea5369913"},"headline":"VECTORITZACI\u00d3 DE LA CURCUMINA","datePublished":"2022-07-14T08:57:27+00:00","dateModified":"2025-08-27T12:58:30+00:00","mainEntityOfPage":{"@id":"https:\/\/tech-complex.com\/ca\/vectoritzacio-de-la-curcumina\/"},"wordCount":1523,"commentCount":0,"publisher":{"@id":"https:\/\/www.tech-complex.com\/#organization"},"image":{"@id":"https:\/\/tech-complex.com\/ca\/vectoritzacio-de-la-curcumina\/#primaryimage"},"thumbnailUrl":"https:\/\/tech-complex.com\/wp-content\/uploads\/2024\/12\/62e293_24f9e7bd428242d394689101cc4f1667mv2.webp","articleSection":["Multiespecie"],"inLanguage":"ca","potentialAction":[{"@type":"CommentAction","name":"Comment","target":["https:\/\/tech-complex.com\/ca\/vectoritzacio-de-la-curcumina\/#respond"]}]},{"@type":"WebPage","@id":"https:\/\/tech-complex.com\/ca\/vectoritzacio-de-la-curcumina\/","url":"https:\/\/tech-complex.com\/ca\/vectoritzacio-de-la-curcumina\/","name":"VECTORITZACI\u00d3 DE LA CURCUMINA - TECH-COMPLEX","isPartOf":{"@id":"https:\/\/www.tech-complex.com\/#website"},"primaryImageOfPage":{"@id":"https:\/\/tech-complex.com\/ca\/vectoritzacio-de-la-curcumina\/#primaryimage"},"image":{"@id":"https:\/\/tech-complex.com\/ca\/vectoritzacio-de-la-curcumina\/#primaryimage"},"thumbnailUrl":"https:\/\/tech-complex.com\/wp-content\/uploads\/2024\/12\/62e293_24f9e7bd428242d394689101cc4f1667mv2.webp","datePublished":"2022-07-14T08:57:27+00:00","dateModified":"2025-08-27T12:58:30+00:00","breadcrumb":{"@id":"https:\/\/tech-complex.com\/ca\/vectoritzacio-de-la-curcumina\/#breadcrumb"},"inLanguage":"ca","potentialAction":[{"@type":"ReadAction","target":["https:\/\/tech-complex.com\/ca\/vectoritzacio-de-la-curcumina\/"]}]},{"@type":"ImageObject","inLanguage":"ca","@id":"https:\/\/tech-complex.com\/ca\/vectoritzacio-de-la-curcumina\/#primaryimage","url":"https:\/\/tech-complex.com\/wp-content\/uploads\/2024\/12\/62e293_24f9e7bd428242d394689101cc4f1667mv2.webp","contentUrl":"https:\/\/tech-complex.com\/wp-content\/uploads\/2024\/12\/62e293_24f9e7bd428242d394689101cc4f1667mv2.webp","width":932,"height":932},{"@type":"BreadcrumbList","@id":"https:\/\/tech-complex.com\/ca\/vectoritzacio-de-la-curcumina\/#breadcrumb","itemListElement":[{"@type":"ListItem","position":1,"name":"Portada","item":"https:\/\/tech-complex.com\/ca\/"},{"@type":"ListItem","position":2,"name":"VECTORITZACI\u00d3 DE LA CURCUMINA"}]},{"@type":"WebSite","@id":"https:\/\/www.tech-complex.com\/#website","url":"https:\/\/www.tech-complex.com\/","name":"TECH-COMPLEX","description":"Soluciones nutricionales para el bienestar animal","publisher":{"@id":"https:\/\/www.tech-complex.com\/#organization"},"potentialAction":[{"@type":"SearchAction","target":{"@type":"EntryPoint","urlTemplate":"https:\/\/www.tech-complex.com\/?s={search_term_string}"},"query-input":{"@type":"PropertyValueSpecification","valueRequired":true,"valueName":"search_term_string"}}],"inLanguage":"ca"},{"@type":"Organization","@id":"https:\/\/www.tech-complex.com\/#organization","name":"TECH-COMPLEX","url":"https:\/\/www.tech-complex.com\/","logo":{"@type":"ImageObject","inLanguage":"ca","@id":"https:\/\/www.tech-complex.com\/#\/schema\/logo\/image\/","url":"https:\/\/tech-complex.com\/wp-content\/uploads\/2024\/12\/Logo-TECHCOMPLEX-COLOR.png","contentUrl":"https:\/\/tech-complex.com\/wp-content\/uploads\/2024\/12\/Logo-TECHCOMPLEX-COLOR.png","width":2560,"height":313,"caption":"TECH-COMPLEX"},"image":{"@id":"https:\/\/www.tech-complex.com\/#\/schema\/logo\/image\/"}},{"@type":"Person","@id":"https:\/\/www.tech-complex.com\/#\/schema\/person\/8fe237f4ff3461cad42abb1ea5369913","name":"Cactus Seny Gr\u00e0fic","image":{"@type":"ImageObject","inLanguage":"ca","@id":"https:\/\/secure.gravatar.com\/avatar\/bb454ee17ba8e47272d849674b566136b7ec16cd0105cc978af9d0592d1fb69a?s=96&d=mm&r=g","url":"https:\/\/secure.gravatar.com\/avatar\/bb454ee17ba8e47272d849674b566136b7ec16cd0105cc978af9d0592d1fb69a?s=96&d=mm&r=g","contentUrl":"https:\/\/secure.gravatar.com\/avatar\/bb454ee17ba8e47272d849674b566136b7ec16cd0105cc978af9d0592d1fb69a?s=96&d=mm&r=g","caption":"Cactus Seny Gr\u00e0fic"}}]}},"_links":{"self":[{"href":"https:\/\/tech-complex.com\/ca\/wp-json\/wp\/v2\/posts\/1635","targetHints":{"allow":["GET"]}}],"collection":[{"href":"https:\/\/tech-complex.com\/ca\/wp-json\/wp\/v2\/posts"}],"about":[{"href":"https:\/\/tech-complex.com\/ca\/wp-json\/wp\/v2\/types\/post"}],"author":[{"embeddable":true,"href":"https:\/\/tech-complex.com\/ca\/wp-json\/wp\/v2\/users\/2"}],"replies":[{"embeddable":true,"href":"https:\/\/tech-complex.com\/ca\/wp-json\/wp\/v2\/comments?post=1635"}],"version-history":[{"count":1,"href":"https:\/\/tech-complex.com\/ca\/wp-json\/wp\/v2\/posts\/1635\/revisions"}],"predecessor-version":[{"id":2484,"href":"https:\/\/tech-complex.com\/ca\/wp-json\/wp\/v2\/posts\/1635\/revisions\/2484"}],"wp:featuredmedia":[{"embeddable":true,"href":"https:\/\/tech-complex.com\/ca\/wp-json\/wp\/v2\/media\/560"}],"wp:attachment":[{"href":"https:\/\/tech-complex.com\/ca\/wp-json\/wp\/v2\/media?parent=1635"}],"wp:term":[{"taxonomy":"category","embeddable":true,"href":"https:\/\/tech-complex.com\/ca\/wp-json\/wp\/v2\/categories?post=1635"},{"taxonomy":"post_tag","embeddable":true,"href":"https:\/\/tech-complex.com\/ca\/wp-json\/wp\/v2\/tags?post=1635"}],"curies":[{"name":"wp","href":"https:\/\/api.w.org\/{rel}","templated":true}]}}