{"id":1652,"date":"2021-11-11T19:52:36","date_gmt":"2021-11-11T19:52:36","guid":{"rendered":"https:\/reduccio-en-la-produccio-de-metan-enteric-en-rumiants\/"},"modified":"2025-09-01T09:51:49","modified_gmt":"2025-09-01T09:51:49","slug":"reduccio-en-la-produccio-de-metan-enteric-en-rumiants","status":"publish","type":"post","link":"https:\/\/tech-complex.com\/ca\/reduccio-en-la-produccio-de-metan-enteric-en-rumiants\/","title":{"rendered":"REDUCCI\u00d3 EN LA PRODUCCI\u00d3 DE METAN ENT\u00c8RIC EN RUMIANTS"},"content":{"rendered":"<div data-breakout=\"normal\">\n<p id=\"viewer-d1bto\" class=\"Is4xI aaZkV MqvCC QMtOy\" dir=\"auto\"><span class=\"vsfWl MqvCC\">El met\u00e0 (CH4) \u00e9s un hidrocarbur component principal del gas natural. \u00c9s tamb\u00e9 un \u201cgas d&#8217;efecte hivernacle\u201d, per la qual cosa la seva pres\u00e8ncia a l&#8217;atmosfera tenen un impacte en la temperatura i el clima de la Terra. <\/span><\/p>\n<\/div>\n<div data-hook=\"rcv-block4\">Despr\u00e9s del di\u00f2xid de carboni (C02), el met\u00e0 ocupa el segon lloc quant a gasos amb efecte d&#8217;hivernacle causats per les activitats humanes.<\/div>\n<div data-hook=\"rcv-block4\"><\/div>\n<div data-hook=\"rcv-block4\">El met\u00e0, amb una vida atmosf\u00e8rica curta de 12 anys. Tamb\u00e9 es considera un gas d&#8217;efecte hivernacle potent pel fet que \u00e9s 23 vegades m\u00e9s efica\u00e7 per atrapar la calor dins de l&#8217;atmosfera que el CO2. <\/div>\n<div data-hook=\"rcv-block4\"><\/div>\n<div data-hook=\"rcv-block4\">Aproximadament el 16% de les emissions mundials de gasos amb efecte d&#8217;hivernacle corresponen al met\u00e0.<\/div>\n<div data-hook=\"rcv-block4\"><\/div>\n<div data-hook=\"rcv-block4\"><img loading=\"lazy\" decoding=\"async\" class=\"aligncenter size-full wp-image-394\" src=\"https:\/\/tech-complex.com\/wp-content\/uploads\/2024\/12\/62e293_8a3c73b68f5f4943bfa99970ed872641mv2.png\" alt=\"\" width=\"1436\" height=\"708\" srcset=\"https:\/\/tech-complex.com\/wp-content\/uploads\/2024\/12\/62e293_8a3c73b68f5f4943bfa99970ed872641mv2.png 1436w, https:\/\/tech-complex.com\/wp-content\/uploads\/2024\/12\/62e293_8a3c73b68f5f4943bfa99970ed872641mv2-1280x631.png 1280w, https:\/\/tech-complex.com\/wp-content\/uploads\/2024\/12\/62e293_8a3c73b68f5f4943bfa99970ed872641mv2-980x483.png 980w, https:\/\/tech-complex.com\/wp-content\/uploads\/2024\/12\/62e293_8a3c73b68f5f4943bfa99970ed872641mv2-480x237.png 480w\" sizes=\"(min-width: 0px) and (max-width: 480px) 480px, (min-width: 481px) and (max-width: 980px) 980px, (min-width: 981px) and (max-width: 1280px) 1280px, (min-width: 1281px) 1436px, 100vw\" \/><\/div>\n<div data-hook=\"rcv-block4\"><\/div>\n<div data-hook=\"rcv-block4\">\n<div data-breakout=\"normal\">\n<p id=\"viewer-35g6j\" class=\"Is4xI aaZkV MqvCC QMtOy\" dir=\"auto\"><span class=\"vsfWl MqvCC\">Les emissions de met\u00e0 poden tenir un origen antropog\u00e8nic (agricultura, mines de carb\u00f3, abocadors i sistemes de gas natural i petroli) i constitueixen un 60% de les emissions totals de met\u00e0. El met\u00e0 tamb\u00e9 pot tenir un origen natural, pantans, hidrats de gas, permagel i els t\u00e8rmits. <\/span><\/p>\n<\/div>\n<div data-hook=\"rcv-block14\">Del total d&#8217;emissions de met\u00e0, amb origen a l&#8217;activitat humana (60%), un 30% representa un origen ent\u00e8ric (sector ramaderia) seguit d&#8217;un 21% d&#8217;origen agr\u00edcola i un 18% del petroli i el gas.<\/div>\n<div data-hook=\"rcv-block15\"><\/div>\n<div data-breakout=\"normal\">\n<div id=\"viewer-78ria\" class=\"Is4xI aaZkV MqvCC QMtOy\" dir=\"auto\"><img loading=\"lazy\" decoding=\"async\" class=\"aligncenter size-full wp-image-396\" src=\"https:\/\/tech-complex.com\/wp-content\/uploads\/2024\/12\/62e293_bb12b7aa35394332b7f9ced42f4a8148mv2.png\" alt=\"\" width=\"1433\" height=\"676\" srcset=\"https:\/\/tech-complex.com\/wp-content\/uploads\/2024\/12\/62e293_bb12b7aa35394332b7f9ced42f4a8148mv2.png 1433w, https:\/\/tech-complex.com\/wp-content\/uploads\/2024\/12\/62e293_bb12b7aa35394332b7f9ced42f4a8148mv2-1280x604.png 1280w, https:\/\/tech-complex.com\/wp-content\/uploads\/2024\/12\/62e293_bb12b7aa35394332b7f9ced42f4a8148mv2-980x462.png 980w, https:\/\/tech-complex.com\/wp-content\/uploads\/2024\/12\/62e293_bb12b7aa35394332b7f9ced42f4a8148mv2-480x226.png 480w\" sizes=\"(min-width: 0px) and (max-width: 480px) 480px, (min-width: 481px) and (max-width: 980px) 980px, (min-width: 981px) and (max-width: 1280px) 1280px, (min-width: 1281px) 1433px, 100vw\" \/><\/div>\n<\/div>\n<div dir=\"auto\">\n<div data-breakout=\"normal\">\n<h2 id=\"viewer-1gcff\" class=\"Is4xI aaZkV MqvCC QMtOy\" dir=\"auto\"><span class=\"vsfWl MqvCC\">El met\u00e0 i el sector ramader<\/span><\/h2>\n<\/div>\n<div data-hook=\"rcv-block20\">Per\u00f2 quin \u00e9s l&#8217;impacte global de la ramaderia, m\u00e9s concretament dels remugants, en la producci\u00f3 de met\u00e0 a nivell global?<\/div>\n<div data-hook=\"rcv-block20\"><\/div>\n<div data-hook=\"rcv-block20\">Sens dubte hi ha una gran controv\u00e8rsia en aquest sentit ja que habitualment s&#8217;exagera el paper dels remugants en l&#8217;efecte hivernacle en detriment d&#8217;un dels principals causants (\u00fas de combustibles f\u00f2ssils). Aix\u00f2 \u00e9s degut, en part, a la metodologia utilitzada per al c\u00e0lcul de limpacte. <\/div>\n<div data-hook=\"rcv-block20\"><\/div>\n<div data-hook=\"rcv-block20\">Aix\u00ed mateix, tampoc no es tenen en compte determinats factors, com la difer\u00e8ncia en el reciclatge del met\u00e0 en funci\u00f3 de l&#8217;origen:<\/div>\n<div data-hook=\"rcv-block20\"><\/div>\n<div data-hook=\"rcv-block20\">El <strong>met\u00e0 biog\u00e8nic<\/strong> t\u00e9 una vida \u00fatil d&#8217;uns 10 anys, ja que es recicla a trav\u00e9s de les plantes mitjan\u00e7ant l&#8217;oxidaci\u00f3 de l&#8217;hidroxil en CO2 i es transforma en cel\u00b7lulosa. <strong>Altres gasos d&#8217;efecte hivernacle,<\/strong> l&#8217;origen dels quals \u00e9s la utilitzaci\u00f3 de combustibles f\u00f2ssils, pot trigar fins a 1.000 anys a desapar\u00e8ixer de l&#8217;atmosfera.<\/div>\n<div data-hook=\"rcv-block20\"><\/div>\n<div data-hook=\"rcv-block20\">Tot i aix\u00f2, el met\u00e0 produ\u00eft al sector ramader, \u00e9s al punt de mira.<\/div>\n<div data-hook=\"rcv-block31\"><\/div>\n<div data-breakout=\"normal\">\n<div id=\"viewer-7cnvv\" class=\"Is4xI aaZkV MqvCC QMtOy\" dir=\"auto\"><strong>Reducci\u00f3 de met\u00e0 en fermentacions ent\u00e8riques de remugants<\/strong><\/div>\n<\/div>\n<div data-hook=\"rcv-block34\">Aix\u00ed, s&#8217;han establert i s&#8217;estan investigant diferents estrat\u00e8gies per reduir la producci\u00f3 de met\u00e0 ent\u00e8ric.<\/div>\n<div data-hook=\"rcv-block35\"><\/div>\n<div data-breakout=\"normal\">\n<h2 id=\"viewer-chrub\" class=\"Is4xI aaZkV MqvCC QMtOy\" dir=\"auto\">Nivell de producci\u00f3 de la ramaderia<\/h2>\n<h2 class=\"Is4xI aaZkV MqvCC QMtOy\" dir=\"auto\"><span style=\"color: #666666; font-size: 14px;\">Laugment en el nivell de producci\u00f3 sovint sargumenta com lacci\u00f3 per reduir les emissions de met\u00e0.<\/span><\/h2>\n<\/div>\n<div data-hook=\"rcv-block40\">Sauvant (1993) proposa un exemple te\u00f2ric d&#8217;una explotaci\u00f3 lletera amb un objectiu de producci\u00f3 de 2.400 hectolitres (hl) de llet a l&#8217;any. Aquest objectiu es pot assolir amb un ramat de 60 vaques que produeixen 4.000 kg de llet a l&#8217;any. En aquestes condicions, cada vaca allibera 109 kg de CH4 a l&#8217;any, cosa que representa 6.570 kg o 9.200 m3 de CH4 per a tot el ramat.  <\/div>\n<div data-hook=\"rcv-block41\"><\/div>\n<div data-breakout=\"normal\">\n<div id=\"viewer-ecaht\" class=\"Is4xI aaZkV MqvCC QMtOy\" dir=\"auto\">El mateix objectiu de producci\u00f3 tamb\u00e9 es pot assolir amb un ramat de 24 vaques que produeixin 10.000 kg de llet a l&#8217;any. En aquest cas, cada vaca allibera 146 kg de CH4, per\u00f2 en total tot el ramat produiria nom\u00e9s 3.504 kg o 4.900 m3 de CH4 durant un any complet. <\/div>\n<\/div>\n<div data-hook=\"rcv-block43\"><\/div>\n<div data-breakout=\"normal\">\n<div id=\"viewer-3tpcc\" class=\"Is4xI aaZkV MqvCC QMtOy\" dir=\"auto\">A m\u00e9s, el bestiar m\u00e9s productiu rep una raci\u00f3 m\u00e9s concentrada i, per tant, segons les observacions de Beever (1993), aquests animals perdran menys energia en forma de met\u00e0.<\/div>\n<\/div>\n<div dir=\"auto\">\n<div id=\"attachment_398\" style=\"width: 1952px\" class=\"wp-caption aligncenter\"><img loading=\"lazy\" decoding=\"async\" aria-describedby=\"caption-attachment-398\" class=\"size-full wp-image-398\" src=\"https:\/\/tech-complex.com\/wp-content\/uploads\/2024\/12\/62e293_515c4c2138e24b4e80f2fa76d9415241mv2.png\" alt=\"\" width=\"1942\" height=\"430\" srcset=\"https:\/\/tech-complex.com\/wp-content\/uploads\/2024\/12\/62e293_515c4c2138e24b4e80f2fa76d9415241mv2.png 1942w, https:\/\/tech-complex.com\/wp-content\/uploads\/2024\/12\/62e293_515c4c2138e24b4e80f2fa76d9415241mv2-1280x283.png 1280w, https:\/\/tech-complex.com\/wp-content\/uploads\/2024\/12\/62e293_515c4c2138e24b4e80f2fa76d9415241mv2-980x217.png 980w, https:\/\/tech-complex.com\/wp-content\/uploads\/2024\/12\/62e293_515c4c2138e24b4e80f2fa76d9415241mv2-480x106.png 480w\" sizes=\"(min-width: 0px) and (max-width: 480px) 480px, (min-width: 481px) and (max-width: 980px) 980px, (min-width: 981px) and (max-width: 1280px) 1280px, (min-width: 1281px) 1942px, 100vw\" \/><p id=\"caption-attachment-398\" class=\"wp-caption-text\">Taula 1: Emissions bovines mitjana de met\u00e0 digestiu en funci\u00f3 del seu nivell de producci\u00f3 (Vermorel 1995)<\/p><\/div>\n<\/div>\n<div data-breakout=\"normal\">\n<p id=\"viewer-crjv\" class=\"Is4xI aaZkV MqvCC QMtOy\" dir=\"auto\"><span class=\"vsfWl MqvCC\">\u00c9s cert que la quantitat d&#8217;ingesta comporta un augment de l&#8217;emissi\u00f3 total de CH4, per tant cal considerar l&#8217;emissi\u00f3 de CH4 per unitat de producte (litre de llet o kg de carn) (taula 2).<\/span><\/p>\n<div id=\"attachment_400\" style=\"width: 1958px\" class=\"wp-caption aligncenter\"><img loading=\"lazy\" decoding=\"async\" aria-describedby=\"caption-attachment-400\" class=\"size-full wp-image-400\" src=\"https:\/\/tech-complex.com\/wp-content\/uploads\/2024\/12\/62e293_821a94a4135e435b838496eddfa27952mv2.png\" alt=\"\" width=\"1948\" height=\"549\" srcset=\"https:\/\/tech-complex.com\/wp-content\/uploads\/2024\/12\/62e293_821a94a4135e435b838496eddfa27952mv2.png 1948w, https:\/\/tech-complex.com\/wp-content\/uploads\/2024\/12\/62e293_821a94a4135e435b838496eddfa27952mv2-1280x361.png 1280w, https:\/\/tech-complex.com\/wp-content\/uploads\/2024\/12\/62e293_821a94a4135e435b838496eddfa27952mv2-980x276.png 980w, https:\/\/tech-complex.com\/wp-content\/uploads\/2024\/12\/62e293_821a94a4135e435b838496eddfa27952mv2-480x135.png 480w\" sizes=\"(min-width: 0px) and (max-width: 480px) 480px, (min-width: 481px) and (max-width: 980px) 980px, (min-width: 981px) and (max-width: 1280px) 1280px, (min-width: 1281px) 1948px, 100vw\" \/><p id=\"caption-attachment-400\" class=\"wp-caption-text\">Taula 2 : Efecte del nivell de producci\u00f3 l\u00e0ctia a les emissions de met\u00e0 en vaques de llet<\/p><\/div>\n<\/div>\n<div data-breakout=\"normal\">\n<p id=\"viewer-3d3do\" class=\"Is4xI aaZkV MqvCC QMtOy\" dir=\"auto\"><span class=\"vsfWl MqvCC\">Tot i aix\u00f2, l&#8217;augment de la productivitat dels animals s&#8217;acompanya per un augment en la intensificaci\u00f3 de les produccions amb augment en l&#8217;\u00fas de fertilitzants, concentrats, entre d&#8217;altres. Per tant, com m\u00e9s productivitat, hi ha un augment de les emissions d&#8217;\u00f2xid de nitrogen i di\u00f2xid de carboni per kg de producte produ\u00eft. <\/span><\/p>\n<\/div>\n<div data-hook=\"rcv-block54\"><\/div>\n<div data-breakout=\"normal\">\n<h2 id=\"viewer-3p53b\" class=\"Is4xI aaZkV MqvCC QMtOy\" dir=\"auto\">Composici\u00f3 de la dieta<\/h2>\n<h2 class=\"Is4xI aaZkV MqvCC QMtOy\" dir=\"auto\"><span style=\"color: #666666; font-size: 14px;\">A la producci\u00f3 de met\u00e0 els factors de la dieta m\u00e9s influents s\u00f3n la proporci\u00f3 de concentrats (un augment origina una reducci\u00f3 en la producci\u00f3 de met\u00e0) i la naturalesa de les font de glucosa: els sucres solubles s\u00f3n m\u00e9s metanog\u00e8nics que el mid\u00f3, ja que aquest \u00faltim dirigeix \u200b\u200bla fermentaci\u00f3 cap a la producci\u00f3 de propionat i els primers cap al butir.<\/span><\/h2>\n<\/div>\n<div data-hook=\"rcv-block59\"><strong>L&#8217;augment de la inclusi\u00f3 de l\u00edpids<\/strong><\/div>\n<div data-hook=\"rcv-block61\">Un increment en la quantitat de l\u00edpids a la raci\u00f3 pot disminuir la quantitat de met\u00e0 ent\u00e8ric, ja que no proporcionen substrat per a la seva producci\u00f3. Hi ha estudis per a l&#8217;avaluaci\u00f3, a curt termini, de l&#8217;efecte d&#8217;\u00e0cids grassos de naturalesa diferent quant a la producci\u00f3 de met\u00e0. <\/div>\n<div data-hook=\"rcv-block62\"><\/div>\n<div data-breakout=\"normal\">\n<div id=\"viewer-3cjnd\" class=\"Is4xI aaZkV MqvCC QMtOy\" dir=\"auto\"><strong>Fermentaci\u00f3 ruminal<\/strong><\/div>\n<\/div>\n<div data-hook=\"rcv-block65\">A nivell de la fermentaci\u00f3 ruminal es poden plantejar dues estrat\u00e8gies per a la disminuci\u00f3 en la producci\u00f3 de met\u00e0:<\/div>\n<div data-breakout=\"normal\">\n<ul class=\"QOI7n rIsue\">\n<li class=\"B229E\" dir=\"auto\" aria-level=\"1\">\n<p id=\"viewer-6bq9i\" class=\"Is4xI aaZkV MqvCC QMtOy\" dir=\"\"><span class=\"vsfWl MqvCC\">La reducci\u00f3 de la producci\u00f3 d&#8217;ions hidrogen, que limitar\u00e0 la formaci\u00f3 del met\u00e0. Aix\u00f2 s&#8217;aconsegueix, principalment, reduint o eliminant la poblaci\u00f3 de protozous de la microbiota ruminal. <\/span><\/p>\n<\/li>\n<li class=\"B229E\" dir=\"auto\" aria-level=\"1\">\n<p id=\"viewer-afric\" class=\"Is4xI aaZkV MqvCC QMtOy\" dir=\"\"><span class=\"vsfWl MqvCC\">Redireccionar-ne la utilitzaci\u00f3 cap a altres rutes metab\u00f2liques, afavorint la producci\u00f3 de propionat dins del perfil d&#8217;\u00e0cid grassos vol\u00e0tils, en detriment de l&#8217;acetat.<\/span><\/p>\n<\/li>\n<\/ul>\n<\/div>\n<div data-hook=\"rcv-block67\"><strong>\u00das d\u00b4olis essencials i esp\u00e8cies: mecanisme d\u00b4acci\u00f3<\/strong><\/div>\n<div data-hook=\"rcv-block69\">L&#8217;\u00fas d&#8217;un additiu neurosensorial, que constitueix una barreja sin\u00e8rgica d&#8217;olis essencials i esp\u00e8cies*, per millorar el rendiment en vaques de llet mitjan\u00e7ant la promoci\u00f3 de l&#8217;equilibri de la microbiota, pot ajudar a reduir la producci\u00f3 de met\u00e0, aix\u00ed com de les emissions de nitrogen.<\/div>\n<div data-hook=\"rcv-block71\"><\/div>\n<div data-hook=\"rcv-block71\">Els olis essencials tenen un efecte directe sobre la microbiota ruminal, principalment pel seu efecte sobre la membrana de les poblacions bacterianes i dels protozous.<\/div>\n<div data-hook=\"rcv-block73\"><\/div>\n<div data-hook=\"rcv-block73\">Les esp\u00e8cies estimulen la salivaci\u00f3 i els enzims pancre\u00e0tics: optimitzant l&#8217;assimilaci\u00f3 de nutrients, afavorint la funcionalitat del sistema digestiu.<\/div>\n<div data-hook=\"rcv-block75\"><\/div>\n<div data-hook=\"rcv-block75\">Aquesta barreja estandarditza d&#8217;olis essencials i esp\u00e8cies*, contribueix a reduir la producci\u00f3 de CH4 ent\u00e8ric, disminuint la taxa Acetat (C2) \/ Propionat (C3) per augment en la producci\u00f3 de Propionat (C3), la ruta metab\u00f2lica de la qual afavoreix l&#8217;\u00fas d&#8217;ions H+ i, per tant, es redueix la producci\u00f3 de met\u00e0 en racions.<\/div>\n<div data-hook=\"rcv-block77\"><\/div>\n<div data-hook=\"rcv-block77\">Els efectes (i beneficis) de la suplementaci\u00f3 de la barreja estandarditzada d&#8217;olis essencials i esp\u00e8cies* la podem resumir en els punts seg\u00fcents:<\/div>\n<div data-breakout=\"normal\">\n<ul class=\"QOI7n rIsue\">\n<li class=\"B229E\" dir=\"auto\" aria-level=\"1\">\n<p id=\"viewer-ado0d\" class=\"Is4xI aaZkV MqvCC QMtOy\" dir=\"\"><span class=\"vsfWl MqvCC\">Millora la utilitzaci\u00f3 de la prote\u00efna en rumen. Incrementa la s\u00edntesi de prote\u00efna ruminal a causa de l&#8217;efecte positiu de la barreja d&#8217;olis essencials a l&#8217;equilibri de la microbiota (disminuci\u00f3 de l&#8217;output d&#8217;amon\u00edac i urea). <\/span><\/p>\n<\/li>\n<li class=\"B229E\" dir=\"auto\" aria-level=\"1\">\n<p id=\"viewer-4rp8b\" class=\"Is4xI aaZkV MqvCC QMtOy\" dir=\"\"><span class=\"vsfWl MqvCC\">Millora la digestibilitat de la fibra, particularment en dietes riques en mid\u00f3 (increment de la poblaci\u00f3 cel\u00b7lulol\u00edtica, amb reducci\u00f3 de la poblaci\u00f3 amilol\u00edtica).<\/span><\/p>\n<\/li>\n<li class=\"B229E\" dir=\"auto\" aria-level=\"1\">\n<p id=\"viewer-ei3gm\" class=\"Is4xI aaZkV MqvCC QMtOy\" dir=\"\"><span class=\"vsfWl MqvCC\">Afavoreix l&#8217;estabilitat del pH ruminal, especialment en dietes altes en energia, a causa de l&#8217;acci\u00f3 combinada dels olis essencials sobre els bacteris productors de lactat i de les esp\u00e8cies en l&#8217;augment de la producci\u00f3 de saliva (activitat tamp\u00f3).<\/span><\/p>\n<\/li>\n<li class=\"B229E\" dir=\"auto\" aria-level=\"1\">\n<p id=\"viewer-3nv6p\" class=\"Is4xI aaZkV MqvCC QMtOy\" dir=\"\"><span class=\"vsfWl MqvCC\">Millora de la utilitzaci\u00f3 de mid\u00f3, amb reducci\u00f3 de les p\u00e8rdues de carbohidrats en forma d&#8217;emissions de CO2 i CH4.<\/span><\/p>\n<\/li>\n<li class=\"B229E\" dir=\"auto\" aria-level=\"1\">\n<p id=\"viewer-2tq0g\" class=\"Is4xI aaZkV MqvCC QMtOy\" dir=\"\"><span class=\"vsfWl MqvCC\">Reducci\u00f3 del recompte de c\u00e8l\u00b7lules som\u00e0tiques en llet, per inhibici\u00f3 de resposta inflamat\u00f2ria intervinguda per enzims Cox-2.<\/span><\/p>\n<\/li>\n<\/ul>\n<\/div>\n<div data-hook=\"rcv-block80\">Sota un punt de vista mediambiental, la barreja estandarditzada d&#8217;olis essencials i esp\u00e8cies permet:<\/div>\n<div data-breakout=\"normal\">\n<ul class=\"QOI7n rIsue\">\n<li class=\"B229E\" dir=\"auto\" aria-level=\"1\">\n<p id=\"viewer-fsdei\" class=\"Is4xI aaZkV MqvCC QMtOy\" dir=\"\"><span class=\"vsfWl MqvCC\"><strong>La reducci\u00f3 del contingut de nitrogen a la dieta, per augment de la quantitat de prote\u00efna que arriba al duod\u00e8.<\/strong><\/span><\/p>\n<\/li>\n<\/ul>\n<\/div>\n<div data-hook=\"rcv-block83\">En reduir la degradabilitat ruminal de la prote\u00efna de la dieta fins a un 14% i augmentar el flux de prote\u00efna microbiana que arriba al duod\u00e8 en un 25%.<\/div>\n<div data-breakout=\"normal\">\n<ul class=\"QOI7n rIsue\">\n<li class=\"B229E\" dir=\"auto\" aria-level=\"1\">\n<p id=\"viewer-ab782\" class=\"Is4xI aaZkV MqvCC QMtOy\" dir=\"\"><span class=\"vsfWl MqvCC\"><strong>La reducci\u00f3 de la producci\u00f3 del met\u00e0 ent\u00e8ric, per un increment de la productivitat de la vaca i una millora de lefici\u00e8ncia de la fermentaci\u00f3 ruminal.<\/strong><\/span><\/p>\n<\/li>\n<\/ul>\n<\/div>\n<div data-breakout=\"normal\">\n<ol class=\"n8bau rIsue\">\n<li class=\"B229E\" dir=\"auto\" aria-level=\"1\">\n<p id=\"viewer-84i0\" class=\"Is4xI aaZkV MqvCC QMtOy\" dir=\"\"><span class=\"vsfWl MqvCC\">Millora de la productivitat de la vaca (+1kg de llet\/dia amb la mateixa ingesta de mat\u00e8ria seca) i reducci\u00f3 de la taxa C2\/C3 per estimulaci\u00f3 de la producci\u00f3 de propionat en racions de vaques de llet amb un 21% de mid\u00f3 i 42% de FND (base d&#8217;ensilatge de blat de moro, alfals, gra.  <strong>La via metab\u00f2lica de producci\u00f3 de propionat competeix amb l\u00fas dions dhidrogen, per tant, redueix de forma potencial la producci\u00f3 de met\u00e0.<\/strong><\/span><\/p>\n<\/li>\n<li class=\"B229E\" dir=\"auto\" aria-level=\"1\">\n<p id=\"viewer-6df16\" class=\"Is4xI aaZkV MqvCC QMtOy\" dir=\"\"><span class=\"vsfWl MqvCC\">En proves realitzades in vitro (m\u00e8tode Tilley i Terry), es redueix significativament la producci\u00f3 d&#8217;amon\u00edac (-50%; disminuci\u00f3 de l&#8217;activitat dels <strong>Bacteris HAP<\/strong> (bacteris hiperproductors d&#8217;amon\u00edac) encarregats de la desaminaci\u00f3 dels amino\u00e0cids \/C3 i disminueix producci\u00f3 de gasos un 9% (CO2 i CH4).<\/span><\/p>\n<\/li>\n<li class=\"B229E\" dir=\"auto\" aria-level=\"1\">\n<p id=\"viewer-85jf3\" class=\"Is4xI aaZkV MqvCC QMtOy\" dir=\"\"><span class=\"vsfWl MqvCC\">Els protozous s\u00f3n en part responsables de la metanog\u00e8nesi. Els olis essencials tenen un efecte directe en la disminuci\u00f3 de la poblaci\u00f3 de protozous. <\/span><\/p>\n<\/li>\n<\/ol>\n<\/div>\n<div data-hook=\"rcv-block88\"><em>*Nota: la barreja estandarditzada d&#8217;olis essencials i esp\u00e8cies a qu\u00e8 es fa refer\u00e8ncia \u00e9s l&#8217;Oleobiotec Ruminant de Laboratories Phod\u00e9.<\/em><\/div>\n<div data-hook=\"rcv-block90\"><\/div>\n<div data-hook=\"rcv-block90\"><\/div>\n<div data-hook=\"rcv-block90\"><strong>Bibliografia<\/strong><\/div>\n<ul>\n<li data-hook=\"rcv-block92\">Emissions Mundials de Met\u00e0 i Oportunitats d&#8217;Atenuaci\u00f3 <a class=\"CUBeV _2xrqk\" href=\"https:\/\/www.globalmethane.org\/documents\/analysis_fs_spa.pdf#:~:text=El%20metano%20ocupa%20el%20segundo%20GHG%20m%C3%A1s%20abundante,m%C3%A1s%20de%20un%20tercio%20del%20calentamiento%20antropog%C3%A9nico%20actual.\" target=\"_blank\" rel=\"noopener\" data-hook=\"WebLink\"><u>analysis_fs_spa.pdf (globalmethane.org)<\/u><\/a><\/li>\n<li data-hook=\"rcv-block94\">Com reduir la producci\u00f3 de met\u00e0 \u2013 Document d&#8217;estudi Grup remugants \u201cRamon Trias\u201d <a class=\"CUBeV _2xrqk\" href=\"http:\/\/www.remugants.cat\/8\/upload\/inra_2011_5_cast.pdf\" target=\"_blank\" rel=\"noopener\" data-hook=\"WebLink\"><u>INRA 2011_5 CAST (remugants.cat)<\/u><\/a><\/li>\n<li data-hook=\"rcv-block96\">Beever DE (1993) Rumen function. In &#8216;Quantitative aspects of ruminant digestion and metabolism&#8217;. (Eds JM Forbes, J France) p\u00e0g. 187\u2013215   <\/li>\n<li data-hook=\"rcv-block98\">Yvan Chouinard, Ph.D., agronome Professeur, Universit\u00e9 Laval<\/li>\n<li data-hook=\"rcv-block100\">Cambra-L\u00f3pez, Mar\u00eda &amp; Garcia Rebollar, Paloma &amp; Estell\u00e9s, Fernando &amp; Torres, Antonio. (2008). Estimaci\u00f3n de las emisiones de los rumiantes en Espa\u00f1a: El factor de conversi\u00f3n de metano. Archivos de Zootecnia.  57. 89-101.<\/li>\n<\/ul>\n<\/div>\n<\/div>\n","protected":false},"excerpt":{"rendered":"<p>El met\u00e0 (CH4) \u00e9s un hidrocarbur component principal del gas natural. \u00c9s tamb\u00e9 un \u201cgas d&#8217;efecte hivernacle\u201d, per la qual cosa la seva pres\u00e8ncia a l&#8217;atmosfera tenen un impacte en la temperatura i el clima de la Terra. Despr\u00e9s del di\u00f2xid de carboni (C02), el met\u00e0 ocupa el segon lloc quant a gasos amb efecte [&hellip;]<\/p>\n","protected":false},"author":2,"featured_media":403,"comment_status":"open","ping_status":"open","sticky":false,"template":"","format":"standard","meta":{"_et_pb_use_builder":"","_et_pb_old_content":"","_et_gb_content_width":"","footnotes":""},"categories":[1],"tags":[],"class_list":["post-1652","post","type-post","status-publish","format-standard","has-post-thumbnail","hentry","category-sin-categorizar"],"yoast_head":"<!-- This site is optimized with the Yoast SEO plugin v27.4 - https:\/\/yoast.com\/product\/yoast-seo-wordpress\/ -->\n<title>REDUCCI\u00d3 EN LA PRODUCCI\u00d3 DE METAN ENT\u00c8RIC EN RUMIANTS - TECH-COMPLEX<\/title>\n<meta name=\"robots\" content=\"index, follow, max-snippet:-1, max-image-preview:large, max-video-preview:-1\" \/>\n<link rel=\"canonical\" href=\"https:\/\/tech-complex.com\/ca\/reduccio-en-la-produccio-de-metan-enteric-en-rumiants\/\" \/>\n<meta property=\"og:locale\" content=\"ca_ES\" \/>\n<meta property=\"og:type\" content=\"article\" \/>\n<meta property=\"og:title\" content=\"REDUCCI\u00d3 EN LA PRODUCCI\u00d3 DE METAN ENT\u00c8RIC EN RUMIANTS - TECH-COMPLEX\" \/>\n<meta property=\"og:description\" content=\"El met\u00e0 (CH4) \u00e9s un hidrocarbur component principal del gas natural. \u00c9s tamb\u00e9 un \u201cgas d&#8217;efecte hivernacle\u201d, per la qual cosa la seva pres\u00e8ncia a l&#8217;atmosfera tenen un impacte en la temperatura i el clima de la Terra. Despr\u00e9s del di\u00f2xid de carboni (C02), el met\u00e0 ocupa el segon lloc quant a gasos amb efecte [&hellip;]\" \/>\n<meta property=\"og:url\" content=\"https:\/\/tech-complex.com\/ca\/reduccio-en-la-produccio-de-metan-enteric-en-rumiants\/\" \/>\n<meta property=\"og:site_name\" content=\"TECH-COMPLEX\" \/>\n<meta property=\"article:published_time\" content=\"2021-11-11T19:52:36+00:00\" \/>\n<meta property=\"article:modified_time\" content=\"2025-09-01T09:51:49+00:00\" \/>\n<meta property=\"og:image\" content=\"https:\/\/tech-complex.com\/wp-content\/uploads\/2024\/12\/62e293_3582665e13ca42afb2b8adf290d498famv2.webp\" \/>\n\t<meta property=\"og:image:width\" content=\"932\" \/>\n\t<meta property=\"og:image:height\" content=\"932\" \/>\n\t<meta property=\"og:image:type\" content=\"image\/webp\" \/>\n<meta name=\"author\" content=\"Cactus Seny Gr\u00e0fic\" \/>\n<meta name=\"twitter:card\" content=\"summary_large_image\" \/>\n<meta name=\"twitter:label1\" content=\"Escrit per\" \/>\n\t<meta name=\"twitter:data1\" content=\"Cactus Seny Gr\u00e0fic\" \/>\n\t<meta name=\"twitter:label2\" content=\"Temps estimat de lectura\" \/>\n\t<meta name=\"twitter:data2\" content=\"8 minuts\" \/>\n<script type=\"application\/ld+json\" class=\"yoast-schema-graph\">{\"@context\":\"https:\\\/\\\/schema.org\",\"@graph\":[{\"@type\":\"Article\",\"@id\":\"https:\\\/\\\/tech-complex.com\\\/ca\\\/reduccio-en-la-produccio-de-metan-enteric-en-rumiants\\\/#article\",\"isPartOf\":{\"@id\":\"https:\\\/\\\/tech-complex.com\\\/ca\\\/reduccio-en-la-produccio-de-metan-enteric-en-rumiants\\\/\"},\"author\":{\"name\":\"Cactus Seny Gr\u00e0fic\",\"@id\":\"https:\\\/\\\/www.tech-complex.com\\\/#\\\/schema\\\/person\\\/8fe237f4ff3461cad42abb1ea5369913\"},\"headline\":\"REDUCCI\u00d3 EN LA PRODUCCI\u00d3 DE METAN ENT\u00c8RIC EN RUMIANTS\",\"datePublished\":\"2021-11-11T19:52:36+00:00\",\"dateModified\":\"2025-09-01T09:51:49+00:00\",\"mainEntityOfPage\":{\"@id\":\"https:\\\/\\\/tech-complex.com\\\/ca\\\/reduccio-en-la-produccio-de-metan-enteric-en-rumiants\\\/\"},\"wordCount\":1655,\"commentCount\":0,\"publisher\":{\"@id\":\"https:\\\/\\\/www.tech-complex.com\\\/#organization\"},\"image\":{\"@id\":\"https:\\\/\\\/tech-complex.com\\\/ca\\\/reduccio-en-la-produccio-de-metan-enteric-en-rumiants\\\/#primaryimage\"},\"thumbnailUrl\":\"https:\\\/\\\/tech-complex.com\\\/wp-content\\\/uploads\\\/2024\\\/12\\\/62e293_3582665e13ca42afb2b8adf290d498famv2.webp\",\"articleSection\":[\"Sin categorizar\"],\"inLanguage\":\"ca\",\"potentialAction\":[{\"@type\":\"CommentAction\",\"name\":\"Comment\",\"target\":[\"https:\\\/\\\/tech-complex.com\\\/ca\\\/reduccio-en-la-produccio-de-metan-enteric-en-rumiants\\\/#respond\"]}]},{\"@type\":\"WebPage\",\"@id\":\"https:\\\/\\\/tech-complex.com\\\/ca\\\/reduccio-en-la-produccio-de-metan-enteric-en-rumiants\\\/\",\"url\":\"https:\\\/\\\/tech-complex.com\\\/ca\\\/reduccio-en-la-produccio-de-metan-enteric-en-rumiants\\\/\",\"name\":\"REDUCCI\u00d3 EN LA PRODUCCI\u00d3 DE METAN ENT\u00c8RIC EN RUMIANTS - TECH-COMPLEX\",\"isPartOf\":{\"@id\":\"https:\\\/\\\/www.tech-complex.com\\\/#website\"},\"primaryImageOfPage\":{\"@id\":\"https:\\\/\\\/tech-complex.com\\\/ca\\\/reduccio-en-la-produccio-de-metan-enteric-en-rumiants\\\/#primaryimage\"},\"image\":{\"@id\":\"https:\\\/\\\/tech-complex.com\\\/ca\\\/reduccio-en-la-produccio-de-metan-enteric-en-rumiants\\\/#primaryimage\"},\"thumbnailUrl\":\"https:\\\/\\\/tech-complex.com\\\/wp-content\\\/uploads\\\/2024\\\/12\\\/62e293_3582665e13ca42afb2b8adf290d498famv2.webp\",\"datePublished\":\"2021-11-11T19:52:36+00:00\",\"dateModified\":\"2025-09-01T09:51:49+00:00\",\"breadcrumb\":{\"@id\":\"https:\\\/\\\/tech-complex.com\\\/ca\\\/reduccio-en-la-produccio-de-metan-enteric-en-rumiants\\\/#breadcrumb\"},\"inLanguage\":\"ca\",\"potentialAction\":[{\"@type\":\"ReadAction\",\"target\":[\"https:\\\/\\\/tech-complex.com\\\/ca\\\/reduccio-en-la-produccio-de-metan-enteric-en-rumiants\\\/\"]}]},{\"@type\":\"ImageObject\",\"inLanguage\":\"ca\",\"@id\":\"https:\\\/\\\/tech-complex.com\\\/ca\\\/reduccio-en-la-produccio-de-metan-enteric-en-rumiants\\\/#primaryimage\",\"url\":\"https:\\\/\\\/tech-complex.com\\\/wp-content\\\/uploads\\\/2024\\\/12\\\/62e293_3582665e13ca42afb2b8adf290d498famv2.webp\",\"contentUrl\":\"https:\\\/\\\/tech-complex.com\\\/wp-content\\\/uploads\\\/2024\\\/12\\\/62e293_3582665e13ca42afb2b8adf290d498famv2.webp\",\"width\":932,\"height\":932},{\"@type\":\"BreadcrumbList\",\"@id\":\"https:\\\/\\\/tech-complex.com\\\/ca\\\/reduccio-en-la-produccio-de-metan-enteric-en-rumiants\\\/#breadcrumb\",\"itemListElement\":[{\"@type\":\"ListItem\",\"position\":1,\"name\":\"Portada\",\"item\":\"https:\\\/\\\/tech-complex.com\\\/ca\\\/\"},{\"@type\":\"ListItem\",\"position\":2,\"name\":\"REDUCCI\u00d3 EN LA PRODUCCI\u00d3 DE METAN ENT\u00c8RIC EN RUMIANTS\"}]},{\"@type\":\"WebSite\",\"@id\":\"https:\\\/\\\/www.tech-complex.com\\\/#website\",\"url\":\"https:\\\/\\\/www.tech-complex.com\\\/\",\"name\":\"TECH-COMPLEX\",\"description\":\"Soluciones nutricionales para el bienestar animal\",\"publisher\":{\"@id\":\"https:\\\/\\\/www.tech-complex.com\\\/#organization\"},\"potentialAction\":[{\"@type\":\"SearchAction\",\"target\":{\"@type\":\"EntryPoint\",\"urlTemplate\":\"https:\\\/\\\/www.tech-complex.com\\\/?s={search_term_string}\"},\"query-input\":{\"@type\":\"PropertyValueSpecification\",\"valueRequired\":true,\"valueName\":\"search_term_string\"}}],\"inLanguage\":\"ca\"},{\"@type\":\"Organization\",\"@id\":\"https:\\\/\\\/www.tech-complex.com\\\/#organization\",\"name\":\"TECH-COMPLEX\",\"url\":\"https:\\\/\\\/www.tech-complex.com\\\/\",\"logo\":{\"@type\":\"ImageObject\",\"inLanguage\":\"ca\",\"@id\":\"https:\\\/\\\/www.tech-complex.com\\\/#\\\/schema\\\/logo\\\/image\\\/\",\"url\":\"https:\\\/\\\/tech-complex.com\\\/wp-content\\\/uploads\\\/2024\\\/12\\\/Logo-TECHCOMPLEX-COLOR.png\",\"contentUrl\":\"https:\\\/\\\/tech-complex.com\\\/wp-content\\\/uploads\\\/2024\\\/12\\\/Logo-TECHCOMPLEX-COLOR.png\",\"width\":2560,\"height\":313,\"caption\":\"TECH-COMPLEX\"},\"image\":{\"@id\":\"https:\\\/\\\/www.tech-complex.com\\\/#\\\/schema\\\/logo\\\/image\\\/\"}},{\"@type\":\"Person\",\"@id\":\"https:\\\/\\\/www.tech-complex.com\\\/#\\\/schema\\\/person\\\/8fe237f4ff3461cad42abb1ea5369913\",\"name\":\"Cactus Seny Gr\u00e0fic\",\"image\":{\"@type\":\"ImageObject\",\"inLanguage\":\"ca\",\"@id\":\"https:\\\/\\\/secure.gravatar.com\\\/avatar\\\/bb454ee17ba8e47272d849674b566136b7ec16cd0105cc978af9d0592d1fb69a?s=96&d=mm&r=g\",\"url\":\"https:\\\/\\\/secure.gravatar.com\\\/avatar\\\/bb454ee17ba8e47272d849674b566136b7ec16cd0105cc978af9d0592d1fb69a?s=96&d=mm&r=g\",\"contentUrl\":\"https:\\\/\\\/secure.gravatar.com\\\/avatar\\\/bb454ee17ba8e47272d849674b566136b7ec16cd0105cc978af9d0592d1fb69a?s=96&d=mm&r=g\",\"caption\":\"Cactus Seny Gr\u00e0fic\"}}]}<\/script>\n<!-- \/ Yoast SEO plugin. -->","yoast_head_json":{"title":"REDUCCI\u00d3 EN LA PRODUCCI\u00d3 DE METAN ENT\u00c8RIC EN RUMIANTS - TECH-COMPLEX","robots":{"index":"index","follow":"follow","max-snippet":"max-snippet:-1","max-image-preview":"max-image-preview:large","max-video-preview":"max-video-preview:-1"},"canonical":"https:\/\/tech-complex.com\/ca\/reduccio-en-la-produccio-de-metan-enteric-en-rumiants\/","og_locale":"ca_ES","og_type":"article","og_title":"REDUCCI\u00d3 EN LA PRODUCCI\u00d3 DE METAN ENT\u00c8RIC EN RUMIANTS - TECH-COMPLEX","og_description":"El met\u00e0 (CH4) \u00e9s un hidrocarbur component principal del gas natural. \u00c9s tamb\u00e9 un \u201cgas d&#8217;efecte hivernacle\u201d, per la qual cosa la seva pres\u00e8ncia a l&#8217;atmosfera tenen un impacte en la temperatura i el clima de la Terra. Despr\u00e9s del di\u00f2xid de carboni (C02), el met\u00e0 ocupa el segon lloc quant a gasos amb efecte [&hellip;]","og_url":"https:\/\/tech-complex.com\/ca\/reduccio-en-la-produccio-de-metan-enteric-en-rumiants\/","og_site_name":"TECH-COMPLEX","article_published_time":"2021-11-11T19:52:36+00:00","article_modified_time":"2025-09-01T09:51:49+00:00","og_image":[{"width":932,"height":932,"url":"https:\/\/tech-complex.com\/wp-content\/uploads\/2024\/12\/62e293_3582665e13ca42afb2b8adf290d498famv2.webp","type":"image\/webp"}],"author":"Cactus Seny Gr\u00e0fic","twitter_card":"summary_large_image","twitter_misc":{"Escrit per":"Cactus Seny Gr\u00e0fic","Temps estimat de lectura":"8 minuts"},"schema":{"@context":"https:\/\/schema.org","@graph":[{"@type":"Article","@id":"https:\/\/tech-complex.com\/ca\/reduccio-en-la-produccio-de-metan-enteric-en-rumiants\/#article","isPartOf":{"@id":"https:\/\/tech-complex.com\/ca\/reduccio-en-la-produccio-de-metan-enteric-en-rumiants\/"},"author":{"name":"Cactus Seny Gr\u00e0fic","@id":"https:\/\/www.tech-complex.com\/#\/schema\/person\/8fe237f4ff3461cad42abb1ea5369913"},"headline":"REDUCCI\u00d3 EN LA PRODUCCI\u00d3 DE METAN ENT\u00c8RIC EN RUMIANTS","datePublished":"2021-11-11T19:52:36+00:00","dateModified":"2025-09-01T09:51:49+00:00","mainEntityOfPage":{"@id":"https:\/\/tech-complex.com\/ca\/reduccio-en-la-produccio-de-metan-enteric-en-rumiants\/"},"wordCount":1655,"commentCount":0,"publisher":{"@id":"https:\/\/www.tech-complex.com\/#organization"},"image":{"@id":"https:\/\/tech-complex.com\/ca\/reduccio-en-la-produccio-de-metan-enteric-en-rumiants\/#primaryimage"},"thumbnailUrl":"https:\/\/tech-complex.com\/wp-content\/uploads\/2024\/12\/62e293_3582665e13ca42afb2b8adf290d498famv2.webp","articleSection":["Sin categorizar"],"inLanguage":"ca","potentialAction":[{"@type":"CommentAction","name":"Comment","target":["https:\/\/tech-complex.com\/ca\/reduccio-en-la-produccio-de-metan-enteric-en-rumiants\/#respond"]}]},{"@type":"WebPage","@id":"https:\/\/tech-complex.com\/ca\/reduccio-en-la-produccio-de-metan-enteric-en-rumiants\/","url":"https:\/\/tech-complex.com\/ca\/reduccio-en-la-produccio-de-metan-enteric-en-rumiants\/","name":"REDUCCI\u00d3 EN LA PRODUCCI\u00d3 DE METAN ENT\u00c8RIC EN RUMIANTS - TECH-COMPLEX","isPartOf":{"@id":"https:\/\/www.tech-complex.com\/#website"},"primaryImageOfPage":{"@id":"https:\/\/tech-complex.com\/ca\/reduccio-en-la-produccio-de-metan-enteric-en-rumiants\/#primaryimage"},"image":{"@id":"https:\/\/tech-complex.com\/ca\/reduccio-en-la-produccio-de-metan-enteric-en-rumiants\/#primaryimage"},"thumbnailUrl":"https:\/\/tech-complex.com\/wp-content\/uploads\/2024\/12\/62e293_3582665e13ca42afb2b8adf290d498famv2.webp","datePublished":"2021-11-11T19:52:36+00:00","dateModified":"2025-09-01T09:51:49+00:00","breadcrumb":{"@id":"https:\/\/tech-complex.com\/ca\/reduccio-en-la-produccio-de-metan-enteric-en-rumiants\/#breadcrumb"},"inLanguage":"ca","potentialAction":[{"@type":"ReadAction","target":["https:\/\/tech-complex.com\/ca\/reduccio-en-la-produccio-de-metan-enteric-en-rumiants\/"]}]},{"@type":"ImageObject","inLanguage":"ca","@id":"https:\/\/tech-complex.com\/ca\/reduccio-en-la-produccio-de-metan-enteric-en-rumiants\/#primaryimage","url":"https:\/\/tech-complex.com\/wp-content\/uploads\/2024\/12\/62e293_3582665e13ca42afb2b8adf290d498famv2.webp","contentUrl":"https:\/\/tech-complex.com\/wp-content\/uploads\/2024\/12\/62e293_3582665e13ca42afb2b8adf290d498famv2.webp","width":932,"height":932},{"@type":"BreadcrumbList","@id":"https:\/\/tech-complex.com\/ca\/reduccio-en-la-produccio-de-metan-enteric-en-rumiants\/#breadcrumb","itemListElement":[{"@type":"ListItem","position":1,"name":"Portada","item":"https:\/\/tech-complex.com\/ca\/"},{"@type":"ListItem","position":2,"name":"REDUCCI\u00d3 EN LA PRODUCCI\u00d3 DE METAN ENT\u00c8RIC EN RUMIANTS"}]},{"@type":"WebSite","@id":"https:\/\/www.tech-complex.com\/#website","url":"https:\/\/www.tech-complex.com\/","name":"TECH-COMPLEX","description":"Soluciones nutricionales para el bienestar animal","publisher":{"@id":"https:\/\/www.tech-complex.com\/#organization"},"potentialAction":[{"@type":"SearchAction","target":{"@type":"EntryPoint","urlTemplate":"https:\/\/www.tech-complex.com\/?s={search_term_string}"},"query-input":{"@type":"PropertyValueSpecification","valueRequired":true,"valueName":"search_term_string"}}],"inLanguage":"ca"},{"@type":"Organization","@id":"https:\/\/www.tech-complex.com\/#organization","name":"TECH-COMPLEX","url":"https:\/\/www.tech-complex.com\/","logo":{"@type":"ImageObject","inLanguage":"ca","@id":"https:\/\/www.tech-complex.com\/#\/schema\/logo\/image\/","url":"https:\/\/tech-complex.com\/wp-content\/uploads\/2024\/12\/Logo-TECHCOMPLEX-COLOR.png","contentUrl":"https:\/\/tech-complex.com\/wp-content\/uploads\/2024\/12\/Logo-TECHCOMPLEX-COLOR.png","width":2560,"height":313,"caption":"TECH-COMPLEX"},"image":{"@id":"https:\/\/www.tech-complex.com\/#\/schema\/logo\/image\/"}},{"@type":"Person","@id":"https:\/\/www.tech-complex.com\/#\/schema\/person\/8fe237f4ff3461cad42abb1ea5369913","name":"Cactus Seny Gr\u00e0fic","image":{"@type":"ImageObject","inLanguage":"ca","@id":"https:\/\/secure.gravatar.com\/avatar\/bb454ee17ba8e47272d849674b566136b7ec16cd0105cc978af9d0592d1fb69a?s=96&d=mm&r=g","url":"https:\/\/secure.gravatar.com\/avatar\/bb454ee17ba8e47272d849674b566136b7ec16cd0105cc978af9d0592d1fb69a?s=96&d=mm&r=g","contentUrl":"https:\/\/secure.gravatar.com\/avatar\/bb454ee17ba8e47272d849674b566136b7ec16cd0105cc978af9d0592d1fb69a?s=96&d=mm&r=g","caption":"Cactus Seny Gr\u00e0fic"}}]}},"_links":{"self":[{"href":"https:\/\/tech-complex.com\/ca\/wp-json\/wp\/v2\/posts\/1652","targetHints":{"allow":["GET"]}}],"collection":[{"href":"https:\/\/tech-complex.com\/ca\/wp-json\/wp\/v2\/posts"}],"about":[{"href":"https:\/\/tech-complex.com\/ca\/wp-json\/wp\/v2\/types\/post"}],"author":[{"embeddable":true,"href":"https:\/\/tech-complex.com\/ca\/wp-json\/wp\/v2\/users\/2"}],"replies":[{"embeddable":true,"href":"https:\/\/tech-complex.com\/ca\/wp-json\/wp\/v2\/comments?post=1652"}],"version-history":[{"count":2,"href":"https:\/\/tech-complex.com\/ca\/wp-json\/wp\/v2\/posts\/1652\/revisions"}],"predecessor-version":[{"id":2729,"href":"https:\/\/tech-complex.com\/ca\/wp-json\/wp\/v2\/posts\/1652\/revisions\/2729"}],"wp:featuredmedia":[{"embeddable":true,"href":"https:\/\/tech-complex.com\/ca\/wp-json\/wp\/v2\/media\/403"}],"wp:attachment":[{"href":"https:\/\/tech-complex.com\/ca\/wp-json\/wp\/v2\/media?parent=1652"}],"wp:term":[{"taxonomy":"category","embeddable":true,"href":"https:\/\/tech-complex.com\/ca\/wp-json\/wp\/v2\/categories?post=1652"},{"taxonomy":"post_tag","embeddable":true,"href":"https:\/\/tech-complex.com\/ca\/wp-json\/wp\/v2\/tags?post=1652"}],"curies":[{"name":"wp","href":"https:\/\/api.w.org\/{rel}","templated":true}]}}