{"id":1656,"date":"2022-02-16T20:12:06","date_gmt":"2022-02-16T20:12:06","guid":{"rendered":"https:\/el-tall-de-cua-en-produccio-porcina\/"},"modified":"2025-09-01T09:25:43","modified_gmt":"2025-09-01T09:25:43","slug":"el-tall-de-cua-en-produccio-porcina","status":"publish","type":"post","link":"https:\/\/tech-complex.com\/ca\/el-tall-de-cua-en-produccio-porcina\/","title":{"rendered":"EL TALL DE CUA EN PRODUCCI\u00d3 PORCINA"},"content":{"rendered":"<div data-breakout=\"normal\">\n<p id=\"viewer-foo\" class=\"Is4xI aaZkV MqvCC QMtOy\" dir=\"auto\" style=\"text-align: justify;\"><span class=\"vsfWl MqvCC\"><strong>La ra\u00f3 per la qual el tall de cues continua sent una rutina a moltes explotacions porcines \u00e9s el consens que segueix sent la soluci\u00f3 m\u00e9s efica\u00e7 per prevenir la mossegada de cues, per\u00f2 la caudof\u00e0gia \u00e9s el resultat d&#8217;un problema complex i multifactorial.<\/strong><\/span><\/p>\n<div style=\"text-align: justify;\" data-breakout=\"normal\">\n<h2 id=\"viewer-1id1r\" class=\"Is4xI aaZkV rIsue QMtOy\" dir=\"auto\"><span class=\"vsfWl\">Tall rutinari de cues: prohibit des de 1994<\/span><\/h2>\n<\/div>\n<div style=\"text-align: justify;\" data-hook=\"rcv-block4\">Ja el 1994 es va aprovar una legislaci\u00f3 que prohibia el tall rutinari de la cua dels garrins a Europa. Des de llavors, la legislaci\u00f3 s&#8217;ha modificat diverses vegades i s&#8217;ha actualitzat substancialment mitjan\u00e7ant la Directiva 120\/2008\/CE (&#8220;la Directiva sobre porcs&#8221;), que especifica les mesures que s&#8217;han d&#8217;adoptar abans que un ramader pugui rec\u00f3rrer al tall de cues, com ara la densitat de poblaci\u00f3 i el subministrament de materials d&#8217;enriquiment espec\u00edfics. Per\u00f2 malgrat aquesta normativa, el tall de cues continua sent una pr\u00e0ctica habitual en moltes explotacions porcines d&#8217;Europa. Tot i aix\u00f2, hi ha algunes excepcions. A Finl\u00e0ndia i Su\u00e8cia, a causa d&#8217;una normativa nacional m\u00e9s estricta que la de la UE, ja no es permet el tall de cues. A Noruega i Su\u00efssa, menys de 5% dels porcs s\u00f3n amputats.     <\/div>\n<div style=\"text-align: justify;\" data-hook=\"rcv-block6\"><\/div>\n<div style=\"text-align: justify;\" data-breakout=\"normal\">\n<h2 id=\"viewer-1q5t\" class=\"Is4xI aaZkV rIsue QMtOy\" dir=\"auto\"><span class=\"vsfWl\">Mossegada de la cua: un cost econ\u00f2mic i de benestar<\/span><\/h2>\n<\/div>\n<div style=\"text-align: justify;\" data-hook=\"rcv-block8\">Per millorar l&#8217;acceptaci\u00f3 social de la producci\u00f3 porcina i seguir millorant la salut dels animals, el benestar i el treball per als ramaders, els haur\u00edem de deixar d&#8217;amputar la cua. La ra\u00f3 principal per la qual el tall de cues continua sent una rutina a moltes explotacions porcines \u00e9s el consens que segueix sent la soluci\u00f3 m\u00e9s efica\u00e7 per prevenir la caudof\u00e0gia. La mossegada de cua no nom\u00e9s \u00e9s perjudicial per al benestar dels animals, sin\u00f3 que tamb\u00e9 t\u00e9 un cost econ\u00f2mic. La caudof\u00e0gia pot classificar-se en dos grups: la fase pr\u00e8via a la lesi\u00f3, abans que es produeixi qualsevol ferida a la cua, i la fase de lesi\u00f3, en qu\u00e8 la cua est\u00e0 ferida i sagna. Les infeccions i lesions poden provocar el decom\u00eds de la canal al moment del sacrifici o fins i tot la mortalitat en els casos m\u00e9s greus. Una investigaci\u00f3 realitzada al Regne Unit va demostrar que la mossegada de cua pot provocar una p\u00e8rdua de beneficis del 43% per porc, com a resultat de les p\u00e8rdues atribu\u00efbles als decomisos de les canals ia les retallades.     <\/div>\n<div style=\"text-align: justify;\" data-hook=\"rcv-block9\"><\/div>\n<div style=\"text-align: justify;\" data-breakout=\"normal\">\n<h2 id=\"viewer-9hpq3\" class=\"Is4xI aaZkV rIsue QMtOy\" dir=\"auto\"><span class=\"vsfWl\">Els principals factors de risc del comportament de mossegada de cua<\/span><\/h2>\n<\/div>\n<div style=\"text-align: justify;\" data-hook=\"rcv-block12\">Mossegar la cua \u00e9s un problema complex i multifactorial. Es desconeix l&#8217;etiologia exacta del comportament de mossegada de cua i s&#8217;han identificat molts altres factors de risc a m\u00e9s dels relacionats amb l&#8217;allotjament. <\/div>\n<div style=\"text-align: justify;\" data-hook=\"rcv-block13\"><\/div>\n<div style=\"text-align: justify;\" data-breakout=\"normal\">\n<div id=\"viewer-asl8f\" class=\"Is4xI aaZkV rIsue QMtOy\" dir=\"auto\">Els principals factors de risc de la mossegada de cua s\u00f3n:<\/div>\n<\/div>\n<div style=\"text-align: justify;\" data-breakout=\"normal\">\n<ul class=\"QOI7n rIsue\">\n<li class=\"B229E\" dir=\"auto\" aria-level=\"1\">\n<p id=\"viewer-ejngd\" class=\"Is4xI aaZkV rIsue QMtOy\" dir=\"\"><span class=\"vsfWl\">Manca de material d&#8217;enriquiment i s\u00f2ls est\u00e8rils.<\/span><\/p>\n<\/li>\n<li class=\"B229E\" dir=\"auto\" aria-level=\"1\">\n<p id=\"viewer-4vdoe\" class=\"Is4xI aaZkV rIsue QMtOy\" dir=\"\"><span class=\"vsfWl\">Mala ventilaci\u00f3, fluctuacions de temperatura, alt nivell d&#8217;amon\u00edac.<\/span><\/p>\n<\/li>\n<li class=\"B229E\" dir=\"auto\" aria-level=\"1\">\n<p id=\"viewer-80fbg\" class=\"Is4xI aaZkV rIsue QMtOy\" dir=\"\"><span class=\"vsfWl\">Alta densitat de poblaci\u00f3 i ramat gran.<\/span><\/p>\n<\/li>\n<li class=\"B229E\" dir=\"auto\" aria-level=\"1\">\n<p id=\"viewer-8fd50\" class=\"Is4xI aaZkV rIsue QMtOy\" dir=\"\"><span class=\"vsfWl\">Malestar gastrointestinal.<\/span><\/p>\n<\/li>\n<li class=\"B229E\" dir=\"auto\" aria-level=\"1\">\n<p id=\"viewer-3l6ag\" class=\"Is4xI aaZkV rIsue QMtOy\" dir=\"\"><span class=\"vsfWl\">Mal estat de salut.<\/span><\/p>\n<\/li>\n<li class=\"B229E\" dir=\"auto\" aria-level=\"1\">\n<p id=\"viewer-eu912\" class=\"Is4xI aaZkV rIsue QMtOy\" dir=\"\"><span class=\"vsfWl\">Dieta sub\u00f2ptima o desequilibrada.<\/span><\/p>\n<\/li>\n<li class=\"B229E\" dir=\"auto\" aria-level=\"1\">\n<p id=\"viewer-4cgct\" class=\"Is4xI aaZkV rIsue QMtOy\" dir=\"\"><span class=\"vsfWl\">Factors individuals (edat, gen\u00e8tica).<\/span><\/p>\n<\/li>\n<\/ul>\n<\/div>\n<div style=\"text-align: justify;\" data-hook=\"rcv-block17\"><\/div>\n<h2 style=\"text-align: justify;\" data-hook=\"rcv-block17\">Material d&#8217;enriquiment i costos<\/h2>\n<div style=\"text-align: justify;\" data-hook=\"rcv-block19\">El subministrament de material d&#8217;enriquiment en forma de palla, cadenes o joguines \u00e9s una de les eines ambientals m\u00e9s pr\u00e0ctiques i poderoses per prevenir o minimitzar la mossegada de cua.<\/div>\n<div style=\"text-align: justify;\" data-breakout=\"normal\">\n<p id=\"viewer-a20g\" class=\"Is4xI aaZkV MqvCC QMtOy\" dir=\"auto\"><span class=\"vsfWl MqvCC\">Des del 2003, la provisi\u00f3 d&#8217;un enriquiment ambiental apropiat per als porcs de totes les edats \u00e9s obligat\u00f2ria a tota la Uni\u00f3 Europea. Un informe de la Comissi\u00f3 Europea va mostrar que el material d&#8217;enriquiment representa nom\u00e9s el 0,25% dels costos a les explotacions d&#8217;engreix a Su\u00e8cia i el 2,8-4% a les unitats de cria. A Su\u00efssa, la despesa en rotlles de palla de blat comprimida era d?uns 0,90 euros per porc d?engreix. Finl\u00e0ndia i Su\u00e8cia van deixar de fer el tall rutinari de cues del tot i tenen un cost mitj\u00e0 de producci\u00f3 d&#8217;1,66 euros i 1,63 euros per quilo de pes en calent de la canal, que ni tan sols s\u00f3n els m\u00e9s alts de la UE.   <\/span><\/p>\n<\/div>\n<div style=\"text-align: justify;\" data-hook=\"rcv-block22\"><\/div>\n<div style=\"text-align: justify;\" data-breakout=\"normal\">\n<h2 id=\"viewer-1mc4o\" class=\"Is4xI aaZkV rIsue QMtOy\" dir=\"auto\"><span class=\"vsfWl\">Efecte d&#8217;un espai m\u00e9s gran per porc<\/span><\/h2>\n<\/div>\n<div style=\"text-align: justify;\" data-hook=\"rcv-block24\">Tamb\u00e9 l&#8217;espai per porc (densitat de poblaci\u00f3) t\u00e9 un efecte sobre l&#8217;agressivitat i les mossegades de cua. Una investigaci\u00f3 alemanya va demostrar que la incid\u00e8ncia de les lesions a la cua era m\u00e9s gran en els porcs amb la cua llarga criats en un sistema convencional, en el qual els porcs eren reagrupats i transferits a corrals d&#8217;acabat convencionals a les deu setmanes d&#8217;edat, en comparaci\u00f3 amb els porcs de cua llarga procedents d&#8217;un sistema de deslletament a acabat. ria. Altres investigacions van confirmar que la reducci\u00f3 de la densitat de poblaci\u00f3 va modificar el comportament dels porcs i va reduir els nivells de corticoides fecals, cosa que posa de manifest una millora de les condicions de benestar.  <\/div>\n<div style=\"text-align: justify;\" data-hook=\"rcv-block25\"><\/div>\n<div style=\"text-align: justify;\" data-breakout=\"normal\">\n<div id=\"viewer-esqlg\" class=\"Is4xI aaZkV MqvCC QMtOy\" dir=\"auto\">Tot i que tant el material d&#8217;enriquiment com la densitat de poblaci\u00f3 s\u00f3n estrat\u00e8gies importants, no poden eradicar per ells mateixos el comportament de mossegar-se la cua.<\/div>\n<div dir=\"auto\"><\/div>\n<div class=\"Is4xI aaZkV MqvCC QMtOy\" dir=\"auto\">La variabilitat de les respostes a les diferents solucions que se solen proposar posa de manifest la dimensi\u00f3 individual d\u201faquest comportament desviat. Per tant, tamb\u00e9 es q\u00fcestiona la capacitat dels individus per adaptar-se a les condicions de cria proposades i no nom\u00e9s aquestes condicions. <\/div>\n<\/div>\n<div style=\"text-align: justify;\" data-hook=\"rcv-block29\"><\/div>\n<div style=\"text-align: justify;\" data-breakout=\"normal\">\n<h2 id=\"viewer-e162l\" class=\"Is4xI aaZkV MqvCC QMtOy\" dir=\"auto\"><span class=\"vsfWl MqvCC\">La gesti\u00f3 de l&#8217;estr\u00e8s \u00e9s clau<\/span><\/h2>\n<\/div>\n<div style=\"text-align: justify;\" data-hook=\"rcv-block31\">Pr\u00e8viament sobre el tall de cues abordem els factors de risc que augmenten la mossegada de cues, com ara la mala ventilaci\u00f3, l&#8217;avorriment, la mala salut, l&#8217;alta densitat de poblaci\u00f3 i d&#8217;altres.<\/div>\n<div data-breakout=\"normal\">\n<p id=\"viewer-5c81l\" class=\"Is4xI aaZkV MqvCC QMtOy\" dir=\"auto\" style=\"text-align: justify;\"><span class=\"vsfWl MqvCC\">Els factors de risc s\u00f3n una combinaci\u00f3 de factors de risc basats en lentorn (gesti\u00f3) i factors relacionats amb els animals. El denominador com\u00fa i la soluci\u00f3 de tots aquests factors de risc s\u00f3n la reducci\u00f3 de l&#8217;estr\u00e8s. <\/span><\/p>\n<p dir=\"auto\" style=\"text-align: justify;\"><img loading=\"lazy\" decoding=\"async\" class=\"aligncenter size-full wp-image-444\" src=\"https:\/\/tech-complex.com\/wp-content\/uploads\/2024\/12\/62e293_b2b3face5c744b5d809b61ba4d762771mv2.png\" alt=\"\" width=\"940\" height=\"537\" srcset=\"https:\/\/tech-complex.com\/wp-content\/uploads\/2024\/12\/62e293_b2b3face5c744b5d809b61ba4d762771mv2.png 940w, https:\/\/tech-complex.com\/wp-content\/uploads\/2024\/12\/62e293_b2b3face5c744b5d809b61ba4d762771mv2-480x274.png 480w\" sizes=\"(min-width: 0px) and (max-width: 480px) 480px, (min-width: 481px) 940px, 100vw\" \/><\/p>\n<div style=\"text-align: justify;\" data-breakout=\"normal\">\n<h2 id=\"viewer-f8fk\" class=\"Is4xI aaZkV MqvCC QMtOy\" dir=\"auto\"><span class=\"vsfWl MqvCC\">Gesti\u00f3 de l&#8217;estr\u00e8s: la clau per acabar amb el tall de cues<\/span><\/h2>\n<\/div>\n<div style=\"text-align: justify;\" data-hook=\"rcv-block36\">Mossegar la cua \u00e9s un problema complex i multifactorial. L&#8217;estr\u00e8s l&#8217;experimenten tant els porcs mossegats (les v\u00edctimes) com els mossegadors, com indiquen els canvis tant de comportament com fisiol\u00f2gics al cos de l&#8217;animal. Aleshores, les mossegades s&#8217;estenen per la granja com una malaltia contagiosa. Aquest comportament desviat \u00e9s una patologia del comportament a causa de l&#8217;estr\u00e8s. Els &#8220;grans mossegadors&#8221; s\u00f3n els primers animals que sucumbeixen a aquesta patologia. Aquest comportament agressiu amb els seus cong\u00e8neres els porta a un nivell d&#8217;estr\u00e8s que els fa emmalaltir alhora.     <\/div>\n<div style=\"text-align: justify;\" data-hook=\"rcv-block36\"><\/div>\n<div style=\"text-align: justify;\" data-hook=\"rcv-block36\">Tal com ho presenta <em>Selye<\/em> , l&#8217;estr\u00e8s \u00e9s una resposta a factors externs. Pensem en el reagrupament, el deslletament i el trasllat dels animals. L&#8217;estr\u00e8s tamb\u00e9 pot ser indu\u00eft per l&#8217;augment de la compet\u00e8ncia per l&#8217;aliment i l&#8217;aigua quan els corrals estan sobrepoblats. Tot aquest estr\u00e8s desestabilitza el confort de lanimal. Com a conseq\u00fc\u00e8ncia, l&#8217;animal adaptar\u00e0 el seu comportament (agressivitat, signe d&#8217;incomoditat) en un intent de tornar a trobar la zona de confort. La majoria de vegades, els factors d&#8217;estr\u00e8s cessen i els animals tornen al comportament normal. Tot i aix\u00f2, els estressors tamb\u00e9 poden continuar i els animals entren en una fase en qu\u00e8 ja no s\u00f3n capa\u00e7os de manejar l&#8217;estr\u00e8s. Com a conseq\u00fc\u00e8ncia, es desenvolupa un comportament distorsionat que pot donar lloc a malalties, comportaments anormals com mossegar-se la cua o altres problemes. Per tant, cal sempre prevenir l&#8217;estr\u00e8s.        <\/div>\n<div style=\"text-align: justify;\" data-hook=\"rcv-block40\"><\/div>\n<div style=\"text-align: justify;\" data-breakout=\"normal\">\n<h2 id=\"viewer-eps5m\" class=\"Is4xI aaZkV MqvCC QMtOy\" dir=\"auto\"><span class=\"vsfWl MqvCC\">Cria selectiva i socialitzaci\u00f3 dels garrins<\/span><\/h2>\n<\/div>\n<div style=\"text-align: justify;\" data-hook=\"rcv-block42\">No tots els porcs s\u00f3n igual de sensibles als factors d&#8217;estr\u00e8s i comencen a mossegar els companys de corral. Les investigacions han demostrat que els porcs Duroc s\u00f3n m\u00e9s actius i investigadors que els porcs Landrace i Large White, i que mosseguen m\u00e9s els seus companys de corral. Altres grups de recerca van descobrir que la mossegada de cua \u00e9s heretable als porcs Landrace, per\u00f2 no als Large White. Tamb\u00e9 van descobrir que, a la poblaci\u00f3 Landrace, la mossegada de cua estava desfavorablement correlacionada gen\u00e8ticament amb la primesa i el gruix del greix dorsal als 90 kg. Els investigadors esmenten la possibilitat de desenvolupar un \u00edndex de selecci\u00f3 per reduir la predisposici\u00f3 a mostrar un comportament de mossegada de cua mitjan\u00e7ant la cria selectiva.    <\/div>\n<div style=\"text-align: justify;\" data-breakout=\"normal\">\n<p id=\"viewer-3maas\" class=\"Is4xI aaZkV MqvCC QMtOy\" dir=\"auto\"><span class=\"vsfWl MqvCC\">Tamb\u00e9 se suggereix que el maneig abans del deslletament pot ajudar a reduir l&#8217;estr\u00e8s. Les investigacions han demostrat que la cria creuada i la socialitzaci\u00f3 a les primeres etapes de la vida redueixen l&#8217;aparici\u00f3 posterior de mossegades agressives. Per aix\u00f2, els investigadors afirmen que s&#8217;ha de fomentar la possibilitat que els garrins de diferents ventrada interactu\u00efn a partir de la segona setmana d&#8217;edat. L&#8217;\u00fas d&#8217;olors familiars tamb\u00e9 pot reduir l&#8217;estr\u00e8s quan els porcs es traslladen d&#8217;una fase de producci\u00f3 a una altra.   <\/span><\/p>\n<\/div>\n<div style=\"text-align: justify;\" data-hook=\"rcv-block45\"><\/div>\n<div style=\"text-align: justify;\" data-breakout=\"normal\">\n<h2 id=\"viewer-rvq1\" class=\"Is4xI aaZkV MqvCC QMtOy\" dir=\"auto\"><span class=\"vsfWl MqvCC\">Cap a una exitosa prohibici\u00f3 del tall de cues<\/span><\/h2>\n<\/div>\n<div style=\"text-align: justify;\" data-hook=\"rcv-block48\">Su\u00e8cia i Finl\u00e0ndia han aconseguit criar porcs sense tallar-los la cua. Aquests pa\u00efsos se centren molt en l\u201f\u00fas de materials d\u201fenriquiment (sovint palla), en la reducci\u00f3 de la c\u00e0rrega ramadera i en l\u201faplicaci\u00f3 de normes estrictes en relaci\u00f3 amb el confort t\u00e8rmic i la qualitat de l\u201faire, l\u201festat de salut, la compet\u00e8ncia pel menjar i l\u201fespai, i la dieta. Per poder acabar amb el tall rutinari de cues a m\u00e9s pa\u00efsos es necessiten estrat\u00e8gies governamentals per pa\u00eds i una avaluaci\u00f3 de les condicions actuals de cria comercial. I aix\u00f2 pot tindre un preu. El govern, el pag\u00e8s i el consumidor s\u00f3n responsables d&#8217;acabar amb el tall de cua rutinari. Tres Estats membres de la UE \u2013\u00c0ustria, Dinamarca i Eslov\u00e8nia\u2013 tenen una legislaci\u00f3 espec\u00edfica que limita encara m\u00e9s aquesta pr\u00e0ctica. Els Pa\u00efsos Baixos s&#8217;han pronunciat i han dit que volen acabar amb aquesta pr\u00e0ctica per al 2030. Altres pa\u00efsos europeus no han esmentat un termini (encara).       <\/div>\n<div style=\"text-align: justify;\" data-hook=\"rcv-block50\"><\/div>\n<div style=\"text-align: justify;\" data-breakout=\"normal\">\n<p id=\"viewer-bkb3\" class=\"Is4xI aaZkV MqvCC QMtOy\" dir=\"auto\"><span class=\"vsfWl MqvCC\"><strong>Fonts:  <\/strong><\/span><\/p>\n<\/div>\n<h6><a class=\"CUBeV _2xrqk\" href=\"https:\/\/livestock-world.com\/tail-docking-a-practice-from-the-past-a-part-1\/\" target=\"_blank\" rel=\"noopener\" data-hook=\"WebLink\"><em>Tail docking: A practice from the past, at last?- Plan\u00e8te \u00c9levage (livestock-world.com)<\/em><\/a><\/h6>\n<h6><a class=\"CUBeV _2xrqk\" href=\"https:\/\/livestock-world.com\/tail-docking-stress-management-part-2\/\" target=\"_blank\" rel=\"noopener\" data-hook=\"WebLink\"><em>Tail docking : Stress management is key &#8211; Plan\u00e8te \u00c9levage (livestock-world.com)<\/em><\/a><\/h6>\n<h6><em>Effects of stocking density and environmental enrichment on behavior i fecal corticosteroide levels of pigs under commercial farm conditions. Paolo Cornale, Elisabetta Macchi, S\u00edlvia Miretti, Manuela Renna, Carola Lussiana, Giovanni Perona, Antonio Mimosi. Journal of Veterinary Behavior, Volum 10, Issue 6, 2015, Pages 569-576, ISSN 1558-7878.    <\/em><a class=\"CUBeV _2xrqk\" href=\"https:\/\/doi.org\/10.1016\/j.jveb.2015.05.002\" target=\"_blank\" rel=\"noopener\" data-hook=\"WebLink\"><em>https:\/\/doi.org\/10.1016\/j.jveb.2015.05.002<\/em><\/a> <em>.<\/em> <a class=\"CUBeV _2xrqk\" href=\"https:\/\/www.sciencedirect.com\/science\/article\/pii\/S1558787815000611\" target=\"_blank\" rel=\"noopener\" data-hook=\"WebLink\"><em>https:\/\/www.sciencedirect.com\/science\/article\/pii\/S1558787815000611<\/em><\/a><\/h6>\n<h6><em>Tail biting in pigs<\/em> <a class=\"CUBeV _2xrqk\" href=\"https:\/\/www.fawec.org\/media\/com_lazypdf\/pdf\/fs8-en.pdf\" target=\"_blank\" rel=\"noopener\" data-hook=\"WebLink\"><em>fs8-en.pdf (fawec.org)<\/em><\/a><\/h6>\n<h6><em>SELYE H. Stress and the general adaptation syndrome. Br Med J. 1950;1(4667):1383-1392. doi:10.1136\/bmj.1.4667.1383<a href=\"https:\/\/pubmed.ncbi.nlm.nih.gov\/15426759\/\">https:\/\/pubmed.ncbi.nlm.nih.gov\/15426759\/<\/a>  <\/em><\/h6>\n<h6><em>Prunier A, Averos X, Dimitrov I, et al. Review: Early life predisposing factors for biting in pigs. Animal. 2020;14(3):570-587. doi:10.1017\/S1751731119001940<a href=\"https:\/\/pubmed.ncbi.nlm.nih.gov\/31436143\/\">https:\/\/pubmed.ncbi.nlm.nih.gov\/31436143\/<\/a>    <\/em><\/h6>\n<h6><em>Breuer, K. &amp; Sutcliffe, M.E.M. &amp; Mercer, J.T. &amp; Watson, Kellie &amp; O&#8217;Connell, Niamh &amp; Sneddon, Ian &amp; Edwards, Sandra. (2005). Heritability of clinical tail-biting and its relation to performance traits. Livestock Production Science.  93. 87-94. 10.1016\/j.livprodsci.2004.11.009.<a href=\"https:\/\/www.sciencedirect.com\/science\/article\/abs\/pii\/S030162260400226X?via%3Dihub\">https:\/\/www.sciencedirect.com\/science\/article\/abs\/pii\/S030162260400226X?via%3Dihub<\/a><\/em><\/h6>\n<h6><em>K Breuer, MEM Sutcliffe, JT Mercer, KA Rance, VE Beattie, IA Sneddon, SA Edwards, Effect of breed on development of adverse social behaviours in pigs, Applied Animal Behaviour Science, Volume 84, Issue 1, 9 1,<\/em> <a class=\"CUBeV _2xrqk\" href=\"https:\/\/doi.org\/10.1016\/S0168-1591(03)00147-3\" target=\"_blank\" rel=\"noopener\" data-hook=\"WebLink\"><em>https:\/\/doi.org\/10.1016\/S0168-1591(03)00147-3<\/em><\/a> <em>.<\/em><\/h6>\n<h6><em>De Briyne, N., Berg, C., Blaha, T. et al. &#8216;Phasing out pig tail docking in the EU &#8211; present state, challenges and possibilities&#8217;. Porc Health Manag 4, 27 (2018).    <\/em><a class=\"CUBeV _2xrqk\" href=\"https:\/\/doi.org\/10.1186\/s40813-018-0103-8\" target=\"_blank\" rel=\"noopener\" data-hook=\"WebLink\"><em>https:\/\/doi.org\/10.1186\/s40813-018-0103-8<\/em><\/a><\/h6>\n<\/div>\n<\/div>\n","protected":false},"excerpt":{"rendered":"<p>El tall rutinari de cues en porcs, prohibit a Europa des del 1994 i regulat per la Directiva 120\/2008\/CE, continua sent una pr\u00e0ctica majorit\u00e0ria davant la percepci\u00f3 que prev\u00e9 la mossegada de cues. Tanmateix, la caudof\u00e0gia \u00e9s un comportament multifactorial influ\u00eft per factors ambientals, sanitaris, gen\u00e8tics i de maneig, com la manca d\u2019enriquiment ambiental, la mala ventilaci\u00f3, l\u2019alta densitat i l\u2019estr\u00e8s. Pa\u00efsos com Su\u00e8cia i Finl\u00e0ndia han eliminat aquesta pr\u00e0ctica amb \u00e8xit gr\u00e0cies a un enfocament integral que inclou una provisi\u00f3 adequada de materials d\u2019enriquiment, un increment de l\u2019espai per animal i atenci\u00f3 a la socialitzaci\u00f3 del garr\u00ed. La gesti\u00f3 efica\u00e7 de l\u2019estr\u00e8s i la cria selectiva s\u00f3n essencials per eradicar aquesta pr\u00e0ctica, millorant el benestar animal sense comprometre la producci\u00f3.   <\/p>\n","protected":false},"author":2,"featured_media":447,"comment_status":"open","ping_status":"open","sticky":false,"template":"","format":"standard","meta":{"_et_pb_use_builder":"","_et_pb_old_content":"","_et_gb_content_width":"","footnotes":""},"categories":[148],"tags":[],"class_list":["post-1656","post","type-post","status-publish","format-standard","has-post-thumbnail","hentry","category-porci"],"yoast_head":"<!-- This site is optimized with the Yoast SEO plugin v27.4 - https:\/\/yoast.com\/product\/yoast-seo-wordpress\/ -->\n<title>EL TALL DE CUA EN PRODUCCI\u00d3 PORCINA - TECH-COMPLEX<\/title>\n<meta name=\"description\" content=\"El tall rutinari de cues en explotacions porcines est\u00e0 prohibit a Europa des del 1994, per\u00f2 continua practicant-se a causa de la complexitat multifactorial de la mossegada de cues. Aquest problema pot minimitzar-se mitjan\u00e7ant la gesti\u00f3 de l\u2019estr\u00e8s, el subministrament de material d\u2019enriquiment, la reducci\u00f3 de la densitat de poblaci\u00f3 i la selecci\u00f3 gen\u00e8tica, promovent aix\u00ed el benestar i la productivitat animal d\u2019acord amb la legislaci\u00f3 vigent.\" \/>\n<meta name=\"robots\" content=\"index, follow, max-snippet:-1, max-image-preview:large, max-video-preview:-1\" \/>\n<link rel=\"canonical\" href=\"https:\/\/tech-complex.com\/ca\/el-tall-de-cua-en-produccio-porcina\/\" \/>\n<meta property=\"og:locale\" content=\"ca_ES\" \/>\n<meta property=\"og:type\" content=\"article\" \/>\n<meta property=\"og:title\" content=\"EL TALL DE CUA EN PRODUCCI\u00d3 PORCINA - TECH-COMPLEX\" \/>\n<meta property=\"og:description\" content=\"El tall rutinari de cues en explotacions porcines est\u00e0 prohibit a Europa des del 1994, per\u00f2 continua practicant-se a causa de la complexitat multifactorial de la mossegada de cues. Aquest problema pot minimitzar-se mitjan\u00e7ant la gesti\u00f3 de l\u2019estr\u00e8s, el subministrament de material d\u2019enriquiment, la reducci\u00f3 de la densitat de poblaci\u00f3 i la selecci\u00f3 gen\u00e8tica, promovent aix\u00ed el benestar i la productivitat animal d\u2019acord amb la legislaci\u00f3 vigent.\" \/>\n<meta property=\"og:url\" content=\"https:\/\/tech-complex.com\/ca\/el-tall-de-cua-en-produccio-porcina\/\" \/>\n<meta property=\"og:site_name\" content=\"TECH-COMPLEX\" \/>\n<meta property=\"article:published_time\" content=\"2022-02-16T20:12:06+00:00\" \/>\n<meta property=\"article:modified_time\" content=\"2025-09-01T09:25:43+00:00\" \/>\n<meta property=\"og:image\" content=\"https:\/\/tech-complex.com\/wp-content\/uploads\/2024\/12\/62e293_5ede231f41e043e48a73800c94dcfe82mv2.png\" \/>\n\t<meta property=\"og:image:width\" content=\"940\" \/>\n\t<meta property=\"og:image:height\" content=\"537\" \/>\n\t<meta property=\"og:image:type\" content=\"image\/png\" \/>\n<meta name=\"author\" content=\"Cactus Seny Gr\u00e0fic\" \/>\n<meta name=\"twitter:card\" content=\"summary_large_image\" \/>\n<meta name=\"twitter:label1\" content=\"Escrit per\" \/>\n\t<meta name=\"twitter:data1\" content=\"Cactus Seny Gr\u00e0fic\" \/>\n\t<meta name=\"twitter:label2\" content=\"Temps estimat de lectura\" \/>\n\t<meta name=\"twitter:data2\" content=\"9 minuts\" \/>\n<script type=\"application\/ld+json\" class=\"yoast-schema-graph\">{\"@context\":\"https:\\\/\\\/schema.org\",\"@graph\":[{\"@type\":\"Article\",\"@id\":\"https:\\\/\\\/tech-complex.com\\\/ca\\\/el-tall-de-cua-en-produccio-porcina\\\/#article\",\"isPartOf\":{\"@id\":\"https:\\\/\\\/tech-complex.com\\\/ca\\\/el-tall-de-cua-en-produccio-porcina\\\/\"},\"author\":{\"name\":\"Cactus Seny Gr\u00e0fic\",\"@id\":\"https:\\\/\\\/www.tech-complex.com\\\/#\\\/schema\\\/person\\\/8fe237f4ff3461cad42abb1ea5369913\"},\"headline\":\"EL TALL DE CUA EN PRODUCCI\u00d3 PORCINA\",\"datePublished\":\"2022-02-16T20:12:06+00:00\",\"dateModified\":\"2025-09-01T09:25:43+00:00\",\"mainEntityOfPage\":{\"@id\":\"https:\\\/\\\/tech-complex.com\\\/ca\\\/el-tall-de-cua-en-produccio-porcina\\\/\"},\"wordCount\":1935,\"commentCount\":0,\"publisher\":{\"@id\":\"https:\\\/\\\/www.tech-complex.com\\\/#organization\"},\"image\":{\"@id\":\"https:\\\/\\\/tech-complex.com\\\/ca\\\/el-tall-de-cua-en-produccio-porcina\\\/#primaryimage\"},\"thumbnailUrl\":\"https:\\\/\\\/tech-complex.com\\\/wp-content\\\/uploads\\\/2024\\\/12\\\/62e293_5ede231f41e043e48a73800c94dcfe82mv2.png\",\"articleSection\":[\"Porc\u00ed\"],\"inLanguage\":\"ca\",\"potentialAction\":[{\"@type\":\"CommentAction\",\"name\":\"Comment\",\"target\":[\"https:\\\/\\\/tech-complex.com\\\/ca\\\/el-tall-de-cua-en-produccio-porcina\\\/#respond\"]}]},{\"@type\":\"WebPage\",\"@id\":\"https:\\\/\\\/tech-complex.com\\\/ca\\\/el-tall-de-cua-en-produccio-porcina\\\/\",\"url\":\"https:\\\/\\\/tech-complex.com\\\/ca\\\/el-tall-de-cua-en-produccio-porcina\\\/\",\"name\":\"EL TALL DE CUA EN PRODUCCI\u00d3 PORCINA - TECH-COMPLEX\",\"isPartOf\":{\"@id\":\"https:\\\/\\\/www.tech-complex.com\\\/#website\"},\"primaryImageOfPage\":{\"@id\":\"https:\\\/\\\/tech-complex.com\\\/ca\\\/el-tall-de-cua-en-produccio-porcina\\\/#primaryimage\"},\"image\":{\"@id\":\"https:\\\/\\\/tech-complex.com\\\/ca\\\/el-tall-de-cua-en-produccio-porcina\\\/#primaryimage\"},\"thumbnailUrl\":\"https:\\\/\\\/tech-complex.com\\\/wp-content\\\/uploads\\\/2024\\\/12\\\/62e293_5ede231f41e043e48a73800c94dcfe82mv2.png\",\"datePublished\":\"2022-02-16T20:12:06+00:00\",\"dateModified\":\"2025-09-01T09:25:43+00:00\",\"description\":\"El tall rutinari de cues en explotacions porcines est\u00e0 prohibit a Europa des del 1994, per\u00f2 continua practicant-se a causa de la complexitat multifactorial de la mossegada de cues. Aquest problema pot minimitzar-se mitjan\u00e7ant la gesti\u00f3 de l\u2019estr\u00e8s, el subministrament de material d\u2019enriquiment, la reducci\u00f3 de la densitat de poblaci\u00f3 i la selecci\u00f3 gen\u00e8tica, promovent aix\u00ed el benestar i la productivitat animal d\u2019acord amb la legislaci\u00f3 vigent.\",\"breadcrumb\":{\"@id\":\"https:\\\/\\\/tech-complex.com\\\/ca\\\/el-tall-de-cua-en-produccio-porcina\\\/#breadcrumb\"},\"inLanguage\":\"ca\",\"potentialAction\":[{\"@type\":\"ReadAction\",\"target\":[\"https:\\\/\\\/tech-complex.com\\\/ca\\\/el-tall-de-cua-en-produccio-porcina\\\/\"]}]},{\"@type\":\"ImageObject\",\"inLanguage\":\"ca\",\"@id\":\"https:\\\/\\\/tech-complex.com\\\/ca\\\/el-tall-de-cua-en-produccio-porcina\\\/#primaryimage\",\"url\":\"https:\\\/\\\/tech-complex.com\\\/wp-content\\\/uploads\\\/2024\\\/12\\\/62e293_5ede231f41e043e48a73800c94dcfe82mv2.png\",\"contentUrl\":\"https:\\\/\\\/tech-complex.com\\\/wp-content\\\/uploads\\\/2024\\\/12\\\/62e293_5ede231f41e043e48a73800c94dcfe82mv2.png\",\"width\":940,\"height\":537},{\"@type\":\"BreadcrumbList\",\"@id\":\"https:\\\/\\\/tech-complex.com\\\/ca\\\/el-tall-de-cua-en-produccio-porcina\\\/#breadcrumb\",\"itemListElement\":[{\"@type\":\"ListItem\",\"position\":1,\"name\":\"Portada\",\"item\":\"https:\\\/\\\/tech-complex.com\\\/ca\\\/\"},{\"@type\":\"ListItem\",\"position\":2,\"name\":\"EL TALL DE CUA EN PRODUCCI\u00d3 PORCINA\"}]},{\"@type\":\"WebSite\",\"@id\":\"https:\\\/\\\/www.tech-complex.com\\\/#website\",\"url\":\"https:\\\/\\\/www.tech-complex.com\\\/\",\"name\":\"TECH-COMPLEX\",\"description\":\"Soluciones nutricionales para el bienestar animal\",\"publisher\":{\"@id\":\"https:\\\/\\\/www.tech-complex.com\\\/#organization\"},\"potentialAction\":[{\"@type\":\"SearchAction\",\"target\":{\"@type\":\"EntryPoint\",\"urlTemplate\":\"https:\\\/\\\/www.tech-complex.com\\\/?s={search_term_string}\"},\"query-input\":{\"@type\":\"PropertyValueSpecification\",\"valueRequired\":true,\"valueName\":\"search_term_string\"}}],\"inLanguage\":\"ca\"},{\"@type\":\"Organization\",\"@id\":\"https:\\\/\\\/www.tech-complex.com\\\/#organization\",\"name\":\"TECH-COMPLEX\",\"url\":\"https:\\\/\\\/www.tech-complex.com\\\/\",\"logo\":{\"@type\":\"ImageObject\",\"inLanguage\":\"ca\",\"@id\":\"https:\\\/\\\/www.tech-complex.com\\\/#\\\/schema\\\/logo\\\/image\\\/\",\"url\":\"https:\\\/\\\/tech-complex.com\\\/wp-content\\\/uploads\\\/2024\\\/12\\\/Logo-TECHCOMPLEX-COLOR.png\",\"contentUrl\":\"https:\\\/\\\/tech-complex.com\\\/wp-content\\\/uploads\\\/2024\\\/12\\\/Logo-TECHCOMPLEX-COLOR.png\",\"width\":2560,\"height\":313,\"caption\":\"TECH-COMPLEX\"},\"image\":{\"@id\":\"https:\\\/\\\/www.tech-complex.com\\\/#\\\/schema\\\/logo\\\/image\\\/\"}},{\"@type\":\"Person\",\"@id\":\"https:\\\/\\\/www.tech-complex.com\\\/#\\\/schema\\\/person\\\/8fe237f4ff3461cad42abb1ea5369913\",\"name\":\"Cactus Seny Gr\u00e0fic\",\"image\":{\"@type\":\"ImageObject\",\"inLanguage\":\"ca\",\"@id\":\"https:\\\/\\\/secure.gravatar.com\\\/avatar\\\/bb454ee17ba8e47272d849674b566136b7ec16cd0105cc978af9d0592d1fb69a?s=96&d=mm&r=g\",\"url\":\"https:\\\/\\\/secure.gravatar.com\\\/avatar\\\/bb454ee17ba8e47272d849674b566136b7ec16cd0105cc978af9d0592d1fb69a?s=96&d=mm&r=g\",\"contentUrl\":\"https:\\\/\\\/secure.gravatar.com\\\/avatar\\\/bb454ee17ba8e47272d849674b566136b7ec16cd0105cc978af9d0592d1fb69a?s=96&d=mm&r=g\",\"caption\":\"Cactus Seny Gr\u00e0fic\"}}]}<\/script>\n<!-- \/ Yoast SEO plugin. -->","yoast_head_json":{"title":"EL TALL DE CUA EN PRODUCCI\u00d3 PORCINA - TECH-COMPLEX","description":"El tall rutinari de cues en explotacions porcines est\u00e0 prohibit a Europa des del 1994, per\u00f2 continua practicant-se a causa de la complexitat multifactorial de la mossegada de cues. Aquest problema pot minimitzar-se mitjan\u00e7ant la gesti\u00f3 de l\u2019estr\u00e8s, el subministrament de material d\u2019enriquiment, la reducci\u00f3 de la densitat de poblaci\u00f3 i la selecci\u00f3 gen\u00e8tica, promovent aix\u00ed el benestar i la productivitat animal d\u2019acord amb la legislaci\u00f3 vigent.","robots":{"index":"index","follow":"follow","max-snippet":"max-snippet:-1","max-image-preview":"max-image-preview:large","max-video-preview":"max-video-preview:-1"},"canonical":"https:\/\/tech-complex.com\/ca\/el-tall-de-cua-en-produccio-porcina\/","og_locale":"ca_ES","og_type":"article","og_title":"EL TALL DE CUA EN PRODUCCI\u00d3 PORCINA - TECH-COMPLEX","og_description":"El tall rutinari de cues en explotacions porcines est\u00e0 prohibit a Europa des del 1994, per\u00f2 continua practicant-se a causa de la complexitat multifactorial de la mossegada de cues. Aquest problema pot minimitzar-se mitjan\u00e7ant la gesti\u00f3 de l\u2019estr\u00e8s, el subministrament de material d\u2019enriquiment, la reducci\u00f3 de la densitat de poblaci\u00f3 i la selecci\u00f3 gen\u00e8tica, promovent aix\u00ed el benestar i la productivitat animal d\u2019acord amb la legislaci\u00f3 vigent.","og_url":"https:\/\/tech-complex.com\/ca\/el-tall-de-cua-en-produccio-porcina\/","og_site_name":"TECH-COMPLEX","article_published_time":"2022-02-16T20:12:06+00:00","article_modified_time":"2025-09-01T09:25:43+00:00","og_image":[{"width":940,"height":537,"url":"https:\/\/tech-complex.com\/wp-content\/uploads\/2024\/12\/62e293_5ede231f41e043e48a73800c94dcfe82mv2.png","type":"image\/png"}],"author":"Cactus Seny Gr\u00e0fic","twitter_card":"summary_large_image","twitter_misc":{"Escrit per":"Cactus Seny Gr\u00e0fic","Temps estimat de lectura":"9 minuts"},"schema":{"@context":"https:\/\/schema.org","@graph":[{"@type":"Article","@id":"https:\/\/tech-complex.com\/ca\/el-tall-de-cua-en-produccio-porcina\/#article","isPartOf":{"@id":"https:\/\/tech-complex.com\/ca\/el-tall-de-cua-en-produccio-porcina\/"},"author":{"name":"Cactus Seny Gr\u00e0fic","@id":"https:\/\/www.tech-complex.com\/#\/schema\/person\/8fe237f4ff3461cad42abb1ea5369913"},"headline":"EL TALL DE CUA EN PRODUCCI\u00d3 PORCINA","datePublished":"2022-02-16T20:12:06+00:00","dateModified":"2025-09-01T09:25:43+00:00","mainEntityOfPage":{"@id":"https:\/\/tech-complex.com\/ca\/el-tall-de-cua-en-produccio-porcina\/"},"wordCount":1935,"commentCount":0,"publisher":{"@id":"https:\/\/www.tech-complex.com\/#organization"},"image":{"@id":"https:\/\/tech-complex.com\/ca\/el-tall-de-cua-en-produccio-porcina\/#primaryimage"},"thumbnailUrl":"https:\/\/tech-complex.com\/wp-content\/uploads\/2024\/12\/62e293_5ede231f41e043e48a73800c94dcfe82mv2.png","articleSection":["Porc\u00ed"],"inLanguage":"ca","potentialAction":[{"@type":"CommentAction","name":"Comment","target":["https:\/\/tech-complex.com\/ca\/el-tall-de-cua-en-produccio-porcina\/#respond"]}]},{"@type":"WebPage","@id":"https:\/\/tech-complex.com\/ca\/el-tall-de-cua-en-produccio-porcina\/","url":"https:\/\/tech-complex.com\/ca\/el-tall-de-cua-en-produccio-porcina\/","name":"EL TALL DE CUA EN PRODUCCI\u00d3 PORCINA - TECH-COMPLEX","isPartOf":{"@id":"https:\/\/www.tech-complex.com\/#website"},"primaryImageOfPage":{"@id":"https:\/\/tech-complex.com\/ca\/el-tall-de-cua-en-produccio-porcina\/#primaryimage"},"image":{"@id":"https:\/\/tech-complex.com\/ca\/el-tall-de-cua-en-produccio-porcina\/#primaryimage"},"thumbnailUrl":"https:\/\/tech-complex.com\/wp-content\/uploads\/2024\/12\/62e293_5ede231f41e043e48a73800c94dcfe82mv2.png","datePublished":"2022-02-16T20:12:06+00:00","dateModified":"2025-09-01T09:25:43+00:00","description":"El tall rutinari de cues en explotacions porcines est\u00e0 prohibit a Europa des del 1994, per\u00f2 continua practicant-se a causa de la complexitat multifactorial de la mossegada de cues. Aquest problema pot minimitzar-se mitjan\u00e7ant la gesti\u00f3 de l\u2019estr\u00e8s, el subministrament de material d\u2019enriquiment, la reducci\u00f3 de la densitat de poblaci\u00f3 i la selecci\u00f3 gen\u00e8tica, promovent aix\u00ed el benestar i la productivitat animal d\u2019acord amb la legislaci\u00f3 vigent.","breadcrumb":{"@id":"https:\/\/tech-complex.com\/ca\/el-tall-de-cua-en-produccio-porcina\/#breadcrumb"},"inLanguage":"ca","potentialAction":[{"@type":"ReadAction","target":["https:\/\/tech-complex.com\/ca\/el-tall-de-cua-en-produccio-porcina\/"]}]},{"@type":"ImageObject","inLanguage":"ca","@id":"https:\/\/tech-complex.com\/ca\/el-tall-de-cua-en-produccio-porcina\/#primaryimage","url":"https:\/\/tech-complex.com\/wp-content\/uploads\/2024\/12\/62e293_5ede231f41e043e48a73800c94dcfe82mv2.png","contentUrl":"https:\/\/tech-complex.com\/wp-content\/uploads\/2024\/12\/62e293_5ede231f41e043e48a73800c94dcfe82mv2.png","width":940,"height":537},{"@type":"BreadcrumbList","@id":"https:\/\/tech-complex.com\/ca\/el-tall-de-cua-en-produccio-porcina\/#breadcrumb","itemListElement":[{"@type":"ListItem","position":1,"name":"Portada","item":"https:\/\/tech-complex.com\/ca\/"},{"@type":"ListItem","position":2,"name":"EL TALL DE CUA EN PRODUCCI\u00d3 PORCINA"}]},{"@type":"WebSite","@id":"https:\/\/www.tech-complex.com\/#website","url":"https:\/\/www.tech-complex.com\/","name":"TECH-COMPLEX","description":"Soluciones nutricionales para el bienestar animal","publisher":{"@id":"https:\/\/www.tech-complex.com\/#organization"},"potentialAction":[{"@type":"SearchAction","target":{"@type":"EntryPoint","urlTemplate":"https:\/\/www.tech-complex.com\/?s={search_term_string}"},"query-input":{"@type":"PropertyValueSpecification","valueRequired":true,"valueName":"search_term_string"}}],"inLanguage":"ca"},{"@type":"Organization","@id":"https:\/\/www.tech-complex.com\/#organization","name":"TECH-COMPLEX","url":"https:\/\/www.tech-complex.com\/","logo":{"@type":"ImageObject","inLanguage":"ca","@id":"https:\/\/www.tech-complex.com\/#\/schema\/logo\/image\/","url":"https:\/\/tech-complex.com\/wp-content\/uploads\/2024\/12\/Logo-TECHCOMPLEX-COLOR.png","contentUrl":"https:\/\/tech-complex.com\/wp-content\/uploads\/2024\/12\/Logo-TECHCOMPLEX-COLOR.png","width":2560,"height":313,"caption":"TECH-COMPLEX"},"image":{"@id":"https:\/\/www.tech-complex.com\/#\/schema\/logo\/image\/"}},{"@type":"Person","@id":"https:\/\/www.tech-complex.com\/#\/schema\/person\/8fe237f4ff3461cad42abb1ea5369913","name":"Cactus Seny Gr\u00e0fic","image":{"@type":"ImageObject","inLanguage":"ca","@id":"https:\/\/secure.gravatar.com\/avatar\/bb454ee17ba8e47272d849674b566136b7ec16cd0105cc978af9d0592d1fb69a?s=96&d=mm&r=g","url":"https:\/\/secure.gravatar.com\/avatar\/bb454ee17ba8e47272d849674b566136b7ec16cd0105cc978af9d0592d1fb69a?s=96&d=mm&r=g","contentUrl":"https:\/\/secure.gravatar.com\/avatar\/bb454ee17ba8e47272d849674b566136b7ec16cd0105cc978af9d0592d1fb69a?s=96&d=mm&r=g","caption":"Cactus Seny Gr\u00e0fic"}}]}},"_links":{"self":[{"href":"https:\/\/tech-complex.com\/ca\/wp-json\/wp\/v2\/posts\/1656","targetHints":{"allow":["GET"]}}],"collection":[{"href":"https:\/\/tech-complex.com\/ca\/wp-json\/wp\/v2\/posts"}],"about":[{"href":"https:\/\/tech-complex.com\/ca\/wp-json\/wp\/v2\/types\/post"}],"author":[{"embeddable":true,"href":"https:\/\/tech-complex.com\/ca\/wp-json\/wp\/v2\/users\/2"}],"replies":[{"embeddable":true,"href":"https:\/\/tech-complex.com\/ca\/wp-json\/wp\/v2\/comments?post=1656"}],"version-history":[{"count":2,"href":"https:\/\/tech-complex.com\/ca\/wp-json\/wp\/v2\/posts\/1656\/revisions"}],"predecessor-version":[{"id":2726,"href":"https:\/\/tech-complex.com\/ca\/wp-json\/wp\/v2\/posts\/1656\/revisions\/2726"}],"wp:featuredmedia":[{"embeddable":true,"href":"https:\/\/tech-complex.com\/ca\/wp-json\/wp\/v2\/media\/447"}],"wp:attachment":[{"href":"https:\/\/tech-complex.com\/ca\/wp-json\/wp\/v2\/media?parent=1656"}],"wp:term":[{"taxonomy":"category","embeddable":true,"href":"https:\/\/tech-complex.com\/ca\/wp-json\/wp\/v2\/categories?post=1656"},{"taxonomy":"post_tag","embeddable":true,"href":"https:\/\/tech-complex.com\/ca\/wp-json\/wp\/v2\/tags?post=1656"}],"curies":[{"name":"wp","href":"https:\/\/api.w.org\/{rel}","templated":true}]}}